{"id":96062,"date":"2016-09-26T20:53:10","date_gmt":"2016-09-26T23:53:10","guid":{"rendered":"http:\/\/www.redenoticia.com.br\/noticia\/?p=96062"},"modified":"2016-09-27T00:15:50","modified_gmt":"2016-09-27T03:15:50","slug":"novela-velho-chico-resumo-2709-afranio-se-atira-no-rio","status":"publish","type":"post","link":"https:\/\/migracao.redenoticia.com.br\/noticia\/2016\/novela-velho-chico-resumo-2709-afranio-se-atira-no-rio\/96062","title":{"rendered":"Novela \u201cVelho Chico\u201d resumo 27\/09: Afr\u00e2nio se atira no rio"},"content":{"rendered":"<p> <img loading=\"lazy\" decoding=\"async\" class=\"alignleft size-thumbnail wp-image-82169\" src=\"https:\/\/migracao.redenoticia.com.br\/noticia\/imagens\/velho_chico_novela_resumo_globo-150x112.jpg\" alt=\"velho_chico_novela_resumo_globo\" width=\"150\" height=\"112\" srcset=\"https:\/\/migracao.redenoticia.com.br\/noticia\/imagens\/velho_chico_novela_resumo_globo-150x112.jpg 150w, https:\/\/migracao.redenoticia.com.br\/noticia\/imagens\/velho_chico_novela_resumo_globo-265x198.jpg 265w\" sizes=\"auto, (max-width: 150px) 100vw, 150px\" \/><strong><em>Novela \u201cVelho Chico\u201d resumo 27\/09<\/em><\/strong>: preocupado com o sumi\u00e7o Martim, Afr\u00e2nio vai at\u00e9 a beira do rio S\u00e3o Francisco tentar encontrar uma pista sobre o paradeiro de seu filho. Diante de Z\u00e9 Pirangueiro, o coronel pergunta se algu\u00e9m o viu e o pescador d\u00e1 esperan\u00e7as ao de S\u00e1 Ribeiro. Z\u00e9 diz que uns dias atr\u00e1s ele ouviu Martim o chamar, mas que quando virou ele n\u00e3o estava mais l\u00e1. Ent\u00e3o, Afr\u00e2nio decide descer o rio. Nesta  empreitada, Afr\u00e2nio enxerga o barco fantasma Gaiola Encantado e se atira no rio atr\u00e1s dele, em busca do filho Martim. Suas roupas e peruca ficam a boiar nas \u00e1guas. Seus olhos brilham s\u00f3 de pensar que o fotojornalista possa estar por ali e, de alguma forma, o coronel consegue se conectar em pensamento com seu filho. Juntos, os dois resgatam mem\u00f3rias de seus passados em um reencontro emocionante.<\/p>\n<p>No cap\u00edtulo 170(*), novela \u201cVelho Chico\u201d, ter\u00e7a-feira, 27 de setembro \u2013 resumo n\u00e3o foi divulgado. Ol\u00edvia e Miguel t\u00eam noite de n\u00fapcias. J\u00e1 na casa nova, noivos comemoram a uni\u00e3o. Afr\u00e2nio se atira no rio atr\u00e1s de Martim e some. <\/p>\n<p>Afr\u00e2nio reaparece em Salvador, em um show de Iolanda. Ele sai do local sem falar com Iolanda e caminha pela orla da praia. <\/p>\n<p>Iolanda chama Afr\u00e2nio. O coronel pede perd\u00e3o \u00e0 mulher.<\/p>\n<p>(*) edi\u00e7\u00e3o da Rede Globo, Novela \u201cVelho Chico\u201d, sujeito a altera\u00e7\u00e3o de data e conte\u00fado.<\/p>\n","protected":false},"excerpt":{"rendered":"<p>Novela \u201cVelho Chico\u201d resumo 27\/09: preocupado com o sumi\u00e7o Martim, Afr\u00e2nio vai at\u00e9 a beira do rio S\u00e3o Francisco tentar encontrar uma pista sobre o paradeiro de seu filho. Diante de Z\u00e9 Pirangueiro, o coronel pergunta se algu\u00e9m o viu e o pescador d\u00e1 esperan\u00e7as ao de S\u00e1 Ribeiro. Z\u00e9 diz que uns dias atr\u00e1s [&hellip;]<\/p>\n","protected":false},"author":2,"featured_media":82169,"comment_status":"open","ping_status":"closed","sticky":false,"template":"","format":"standard","meta":{"tdm_status":"","tdm_grid_status":"","footnotes":""},"categories":[379,375,343],"tags":[441],"class_list":{"0":"post-96062","1":"post","2":"type-post","3":"status-publish","4":"format-standard","5":"has-post-thumbnail","7":"category-novelas","8":"category-rede-globo","9":"category-televisao","10":"tag-resumo-do-dia"},"_links":{"self":[{"href":"https:\/\/migracao.redenoticia.com.br\/noticia\/wp-json\/wp\/v2\/posts\/96062","targetHints":{"allow":["GET"]}}],"collection":[{"href":"https:\/\/migracao.redenoticia.com.br\/noticia\/wp-json\/wp\/v2\/posts"}],"about":[{"href":"https:\/\/migracao.redenoticia.com.br\/noticia\/wp-json\/wp\/v2\/types\/post"}],"author":[{"embeddable":true,"href":"https:\/\/migracao.redenoticia.com.br\/noticia\/wp-json\/wp\/v2\/users\/2"}],"replies":[{"embeddable":true,"href":"https:\/\/migracao.redenoticia.com.br\/noticia\/wp-json\/wp\/v2\/comments?post=96062"}],"version-history":[{"count":0,"href":"https:\/\/migracao.redenoticia.com.br\/noticia\/wp-json\/wp\/v2\/posts\/96062\/revisions"}],"wp:featuredmedia":[{"embeddable":true,"href":"https:\/\/migracao.redenoticia.com.br\/noticia\/wp-json\/wp\/v2\/media\/82169"}],"wp:attachment":[{"href":"https:\/\/migracao.redenoticia.com.br\/noticia\/wp-json\/wp\/v2\/media?parent=96062"}],"wp:term":[{"taxonomy":"category","embeddable":true,"href":"https:\/\/migracao.redenoticia.com.br\/noticia\/wp-json\/wp\/v2\/categories?post=96062"},{"taxonomy":"post_tag","embeddable":true,"href":"https:\/\/migracao.redenoticia.com.br\/noticia\/wp-json\/wp\/v2\/tags?post=96062"}],"curies":[{"name":"wp","href":"https:\/\/api.w.org\/{rel}","templated":true}]}}