{"id":96068,"date":"2016-09-26T18:38:00","date_gmt":"2016-09-26T21:38:00","guid":{"rendered":"http:\/\/www.redenoticia.com.br\/noticia\/?p=96068"},"modified":"2016-09-26T17:19:17","modified_gmt":"2016-09-26T20:19:17","slug":"novela-sol-nascente-resumo-2709-alice-ve-mario-beijar-carolina","status":"publish","type":"post","link":"https:\/\/migracao.redenoticia.com.br\/noticia\/2016\/novela-sol-nascente-resumo-2709-alice-ve-mario-beijar-carolina\/96068","title":{"rendered":"Novela \u201cSol Nascente\u201d resumo 27\/09: Alice v\u00ea Mario beijar Carolina"},"content":{"rendered":"<p> <img loading=\"lazy\" decoding=\"async\" class=\"alignleft size-thumbnail wp-image-91714\" src=\"https:\/\/migracao.redenoticia.com.br\/noticia\/imagens\/sol_nascente_resumo_novela_globo-150x112.jpg\" alt=\"sol_nascente_resumo_novela_globo\" width=\"150\" height=\"112\" srcset=\"https:\/\/migracao.redenoticia.com.br\/noticia\/imagens\/sol_nascente_resumo_novela_globo-150x112.jpg 150w, https:\/\/migracao.redenoticia.com.br\/noticia\/imagens\/sol_nascente_resumo_novela_globo-265x198.jpg 265w\" sizes=\"auto, (max-width: 150px) 100vw, 150px\" \/><strong><em>Novela \u201cSol Nascente\u201d resumo 27\/09<\/em><\/strong>: ao conhecer C\u00e9sar, Carol percebe que o rapaz n\u00e3o \u00e9 nenhum santo, j\u00e1 quando conhece a real personalidade de Dona sinh\u00e1 a surpresa \u00e9 enorme! Al\u00e9m de contar que \u00e9 a mente por tr\u00e1s dos planos contra Alice e a empresa de Tanaka, a mineira diz que tamb\u00e9m j\u00e1 sabe da aproxima\u00e7\u00e3o entre a motociclista e Mario, planejada para tirar o italiano do caminho da dupla. Ela deixa claro \u00e0 Carol que n\u00e3o tolera gente fraca, incompetente e com escr\u00fapulo. A senhora diz que escr\u00fapulo \u00e9 sinal de fraqueza. Depois, Sinh\u00e1 orienta Carolina a como seduzir Mario. No luau, Alice v\u00ea Mario beijar Carolina.<\/p>\n<p>No cap\u00edtulo 025(*), novela \u201cSol Nascente\u201d, ter\u00e7a-feira, 27 de setembro \u2013 Chica, Vanda e as cai\u00e7aras comemoram a volta de seus maridos e filhos. Ana e Carol estranham a atitude de Elisa. Hideo, Vittorio, Gaetano e Geppina se surpreendem com a beleza de Milena. <\/p>\n<p>Geppina consola Vittorio e o incentiva a desfrutar o luau com Lenita. Sinh\u00e1 orienta Carolina a como seduzir Mario. Vittorio agradece a ajuda de Lenita e Felipe tem uma crise de ci\u00fames. <\/p>\n<p>Chica apresenta Mario a Quirino. Tanaka conhece Damasceno e desconfia do suposto sobrinho de Geppina. Alice v\u00ea Mario beijar Carolina no luau.<\/p>\n<p>(*) edi\u00e7\u00e3o da Rede Globo, Novela \u201cSol Nascente\u201d, sujeito a altera\u00e7\u00e3o de data e conte\u00fado.<\/p>\n","protected":false},"excerpt":{"rendered":"<p>Novela \u201cSol Nascente\u201d resumo 27\/09: ao conhecer C\u00e9sar, Carol percebe que o rapaz n\u00e3o \u00e9 nenhum santo, j\u00e1 quando conhece a real personalidade de Dona sinh\u00e1 a surpresa \u00e9 enorme! Al\u00e9m de contar que \u00e9 a mente por tr\u00e1s dos planos contra Alice e a empresa de Tanaka, a mineira diz que tamb\u00e9m j\u00e1 sabe [&hellip;]<\/p>\n","protected":false},"author":2,"featured_media":93943,"comment_status":"open","ping_status":"closed","sticky":false,"template":"","format":"standard","meta":{"tdm_status":"","tdm_grid_status":"","footnotes":""},"categories":[379,375,343],"tags":[441],"class_list":{"0":"post-96068","1":"post","2":"type-post","3":"status-publish","4":"format-standard","5":"has-post-thumbnail","7":"category-novelas","8":"category-rede-globo","9":"category-televisao","10":"tag-resumo-do-dia"},"_links":{"self":[{"href":"https:\/\/migracao.redenoticia.com.br\/noticia\/wp-json\/wp\/v2\/posts\/96068","targetHints":{"allow":["GET"]}}],"collection":[{"href":"https:\/\/migracao.redenoticia.com.br\/noticia\/wp-json\/wp\/v2\/posts"}],"about":[{"href":"https:\/\/migracao.redenoticia.com.br\/noticia\/wp-json\/wp\/v2\/types\/post"}],"author":[{"embeddable":true,"href":"https:\/\/migracao.redenoticia.com.br\/noticia\/wp-json\/wp\/v2\/users\/2"}],"replies":[{"embeddable":true,"href":"https:\/\/migracao.redenoticia.com.br\/noticia\/wp-json\/wp\/v2\/comments?post=96068"}],"version-history":[{"count":0,"href":"https:\/\/migracao.redenoticia.com.br\/noticia\/wp-json\/wp\/v2\/posts\/96068\/revisions"}],"wp:featuredmedia":[{"embeddable":true,"href":"https:\/\/migracao.redenoticia.com.br\/noticia\/wp-json\/wp\/v2\/media\/93943"}],"wp:attachment":[{"href":"https:\/\/migracao.redenoticia.com.br\/noticia\/wp-json\/wp\/v2\/media?parent=96068"}],"wp:term":[{"taxonomy":"category","embeddable":true,"href":"https:\/\/migracao.redenoticia.com.br\/noticia\/wp-json\/wp\/v2\/categories?post=96068"},{"taxonomy":"post_tag","embeddable":true,"href":"https:\/\/migracao.redenoticia.com.br\/noticia\/wp-json\/wp\/v2\/tags?post=96068"}],"curies":[{"name":"wp","href":"https:\/\/api.w.org\/{rel}","templated":true}]}}