{"id":9607,"date":"2009-08-24T15:37:57","date_gmt":"2009-08-24T19:37:57","guid":{"rendered":"http:\/\/www.redenoticia.com.br\/noticia\/?p=9607"},"modified":"2009-08-24T15:37:57","modified_gmt":"2009-08-24T19:37:57","slug":"caua-reymond-debora-secco-wanessa-camargo-e-sheron-menezes-desfilam-para-ale-de-souza-no-hair-fashion-show","status":"publish","type":"post","link":"https:\/\/migracao.redenoticia.com.br\/noticia\/2009\/caua-reymond-debora-secco-wanessa-camargo-e-sheron-menezes-desfilam-para-ale-de-souza-no-hair-fashion-show\/9607","title":{"rendered":"Cau\u00e3 Reymond, D\u00e9bora Secco, Wanessa Camargo e Sheron Menezes desfilam para  Al\u00ea de Souza no Hair Fashion Show"},"content":{"rendered":"<p>O\u00a0<em>beauty artist<\/em> Al\u00ea de Souza apresenta na pr\u00f3xima quarta-feira, 26\/08, tend\u00eancias em cortes e penteados para o ver\u00e3o 2010, na 2\u00ba edi\u00e7\u00e3o do Hair Fashion Show.<\/p>\n<p>Inspirado por\u00a0<em>James Bond e suas Bond Girls<\/em>, o profissional surpreender\u00e1 o p\u00fablico com sua criatividade. Destaque para as tonalidades que Al\u00ea usar\u00e1, pois somadas ao estilo do artista elas dar\u00e3o movimento e muita energia aos visuais.<\/p>\n<p>D\u00e9bora Secco, Wanessa Camargo e Sheron Menezes, usando modelos da Cia Maritima representar\u00e3o no desfile os personagens principais do\u00a0<em>blockbuster.<\/em> A surpresa da noite ficar\u00e1 por conta de James Bond, que ser\u00e1 representado pelo ator Cau\u00e3 Reymond<\/p>\n<p>\u201cA primeira edi\u00e7\u00e3o do Hair foi um grande sucesso e \u00e9 um privil\u00e9gio integrar essa segunda etapa\u201d, afirma Al\u00ea de Souza.<\/p>\n<p><strong> <\/strong><\/p>\n<p><strong>Sobre Al\u00ea de Souza:<\/strong><\/p>\n<p><strong> <\/strong><\/p>\n<p>Al\u00ea de Souza \u00e9 um dos mais conceituados profissionais de beleza do Brasil. Come\u00e7ou sua carreira em 2003, desempenhando a produ\u00e7\u00e3o de beleza de campanhas publicit\u00e1rias e desfiles. Durante esse processo, alimentou uma carteira de clientes estreladas e fi\u00e9is, como: Fernanda Lima, Mariana Ximenes, Deborah Secco e Grazi Massafera, entre outras. Desde de 2005 Al\u00ea \u00e9 contratado da Rede Globo para atuar como visagista na cria\u00e7\u00e3o de personagens de novelas, programas e s\u00e9ries.<\/p>\n<p><strong> <\/strong><\/p>\n<p><strong>SERVI\u00c7O:<\/strong><\/p>\n<p>Hair Fashion Show<\/p>\n<p>Data: 26\/08\/09<\/p>\n<p>Hor\u00e1rio: A partir das 21h \u2013 Desfile seguido de coquetel<\/p>\n<p>Local: Jockey Club (Av. Lineu de Paula Machado, 1263 \u2013 Cidade Jardim)<\/p>\n","protected":false},"excerpt":{"rendered":"<p>O\u00a0beauty artist Al\u00ea de Souza apresenta na pr\u00f3xima quarta-feira, 26\/08, tend\u00eancias em cortes e penteados para o ver\u00e3o 2010, na 2\u00ba edi\u00e7\u00e3o do Hair Fashion Show. Inspirado por\u00a0James Bond e suas Bond Girls, o profissional surpreender\u00e1 o p\u00fablico com sua criatividade. Destaque para as tonalidades que Al\u00ea usar\u00e1, pois somadas ao estilo do artista elas [&hellip;]<\/p>\n","protected":false},"author":2,"featured_media":0,"comment_status":"open","ping_status":"open","sticky":false,"template":"","format":"standard","meta":{"tdm_status":"","tdm_grid_status":"","footnotes":""},"categories":[22],"tags":[],"class_list":{"0":"post-9607","1":"post","2":"type-post","3":"status-publish","4":"format-standard","6":"category-brasil"},"_links":{"self":[{"href":"https:\/\/migracao.redenoticia.com.br\/noticia\/wp-json\/wp\/v2\/posts\/9607","targetHints":{"allow":["GET"]}}],"collection":[{"href":"https:\/\/migracao.redenoticia.com.br\/noticia\/wp-json\/wp\/v2\/posts"}],"about":[{"href":"https:\/\/migracao.redenoticia.com.br\/noticia\/wp-json\/wp\/v2\/types\/post"}],"author":[{"embeddable":true,"href":"https:\/\/migracao.redenoticia.com.br\/noticia\/wp-json\/wp\/v2\/users\/2"}],"replies":[{"embeddable":true,"href":"https:\/\/migracao.redenoticia.com.br\/noticia\/wp-json\/wp\/v2\/comments?post=9607"}],"version-history":[{"count":0,"href":"https:\/\/migracao.redenoticia.com.br\/noticia\/wp-json\/wp\/v2\/posts\/9607\/revisions"}],"wp:attachment":[{"href":"https:\/\/migracao.redenoticia.com.br\/noticia\/wp-json\/wp\/v2\/media?parent=9607"}],"wp:term":[{"taxonomy":"category","embeddable":true,"href":"https:\/\/migracao.redenoticia.com.br\/noticia\/wp-json\/wp\/v2\/categories?post=9607"},{"taxonomy":"post_tag","embeddable":true,"href":"https:\/\/migracao.redenoticia.com.br\/noticia\/wp-json\/wp\/v2\/tags?post=9607"}],"curies":[{"name":"wp","href":"https:\/\/api.w.org\/{rel}","templated":true}]}}