{"id":96072,"date":"2016-09-26T17:21:43","date_gmt":"2016-09-26T20:21:43","guid":{"rendered":"http:\/\/www.redenoticia.com.br\/noticia\/?p=96072"},"modified":"2016-09-26T17:21:43","modified_gmt":"2016-09-26T20:21:43","slug":"novela-cheias-de-charme-resumo-2709-rosario-se-declara-para-inacio","status":"publish","type":"post","link":"https:\/\/migracao.redenoticia.com.br\/noticia\/2016\/novela-cheias-de-charme-resumo-2709-rosario-se-declara-para-inacio\/96072","title":{"rendered":"Novela \u201cCheias de Charme\u201d resumo 27\/09: Ros\u00e1rio se declara para In\u00e1cio"},"content":{"rendered":"<p> <img loading=\"lazy\" decoding=\"async\" class=\"alignleft size-thumbnail wp-image-95548\" src=\"https:\/\/migracao.redenoticia.com.br\/noticia\/imagens\/cheias-de-charme-novela-globo-internacional-resumo-proximo-capitulo-150x112.jpg\" alt=\"cheias-de-charme-novela-globo-internacional-resumo-proximo-capitulo\" width=\"150\" height=\"112\" \/><strong><em>Novela \u201cCheias de Charme\u201d resumo 27\/09<\/em><\/strong>: In\u00e1cio descobre o santu\u00e1rio de Fabian no quarto de Ros\u00e1rio. Ele n\u00e3o se conforma com a adora\u00e7\u00e3o da namorada por Fabian e rompe com ela. Depois, In\u00e1cio conversa com Heraldo e este sugere que ele d\u00ea uma nova chance a Ros\u00e1rio. Para tristeza da mo\u00e7a, que al\u00e9m de ficar sem In\u00e1cio, Chayene lhe conta que Fabian \u00e9 seu namorado. S\u00f3 que ela n\u00e3o sabe que o rapaz foi chantageado pela cantora para assumir este namoro. Mais tarde, Ros\u00e1rio encontra In\u00e1cio com Dinha e fica com ci\u00fames. Ent\u00e3o, ela resolve se declarar para In\u00e1cio.<\/p>\n<p>No cap\u00edtulo 007(*), novela \u201cCheias de Charme\u201d, ter\u00e7a-feira, 27 de setembro \u2013 In\u00e1cio n\u00e3o se conforma com a adora\u00e7\u00e3o de Ros\u00e1rio por Fabian e rompe com ela. Penha conta que est\u00e1 desempregada e Lygia a convida para trabalhar em sua casa. Cida se recupera e volta a fazer os servi\u00e7os dom\u00e9sticos. Conrado se irrita com o pai. Chayene chantageia Fabian e for\u00e7a o cantor a assumir que eles est\u00e3o namorando. <\/p>\n<p>Heraldo conversa com In\u00e1cio e sugere que ele d\u00ea uma nova chance a Ros\u00e1rio. Alejandro se surpreende com a presen\u00e7a de Penha em sua casa. Naldo e Socorro s\u00e3o recebidos pela m\u00e3e no Piau\u00ed. S\u00f4nia planeja um jantar rom\u00e2ntico com Sarmento. Chayene conta para Ros\u00e1rio que Fabian \u00e9 seu namorado. Otto passeia com Conrado e tenta se aproximar do filho. <\/p>\n<p>Sarmento revela para S\u00f4nia que eles est\u00e3o falidos e avisa que a fam\u00edlia ter\u00e1 que fazer sacrif\u00edcios. Ros\u00e1rio encontra In\u00e1cio com Dinha e fica com ci\u00fames. Lygia se encanta pela compet\u00eancia de Penha nos cuidados com sua casa. Rodinei tenta reatar o namoro com Cida. No an\u00fancio da candidatura de Otto, ele recebe uma den\u00fancia. Ros\u00e1rio se declara para In\u00e1cio. Penha \u00e9 procurada pelo homem que emprestou dinheiro a Sandro.<\/p>\n<p>(*) edi\u00e7\u00e3o da Rede Globo, Novela \u201cCheias de Charme\u201d, sujeito a altera\u00e7\u00e3o de data e conte\u00fado.<\/p>\n","protected":false},"excerpt":{"rendered":"<p>Novela \u201cCheias de Charme\u201d resumo 27\/09: In\u00e1cio descobre o santu\u00e1rio de Fabian no quarto de Ros\u00e1rio. Ele n\u00e3o se conforma com a adora\u00e7\u00e3o da namorada por Fabian e rompe com ela. Depois, In\u00e1cio conversa com Heraldo e este sugere que ele d\u00ea uma nova chance a Ros\u00e1rio. Para tristeza da mo\u00e7a, que al\u00e9m de ficar [&hellip;]<\/p>\n","protected":false},"author":2,"featured_media":95548,"comment_status":"open","ping_status":"closed","sticky":false,"template":"","format":"standard","meta":{"tdm_status":"","tdm_grid_status":"","footnotes":""},"categories":[379,375,343],"tags":[441],"class_list":{"0":"post-96072","1":"post","2":"type-post","3":"status-publish","4":"format-standard","5":"has-post-thumbnail","7":"category-novelas","8":"category-rede-globo","9":"category-televisao","10":"tag-resumo-do-dia"},"_links":{"self":[{"href":"https:\/\/migracao.redenoticia.com.br\/noticia\/wp-json\/wp\/v2\/posts\/96072","targetHints":{"allow":["GET"]}}],"collection":[{"href":"https:\/\/migracao.redenoticia.com.br\/noticia\/wp-json\/wp\/v2\/posts"}],"about":[{"href":"https:\/\/migracao.redenoticia.com.br\/noticia\/wp-json\/wp\/v2\/types\/post"}],"author":[{"embeddable":true,"href":"https:\/\/migracao.redenoticia.com.br\/noticia\/wp-json\/wp\/v2\/users\/2"}],"replies":[{"embeddable":true,"href":"https:\/\/migracao.redenoticia.com.br\/noticia\/wp-json\/wp\/v2\/comments?post=96072"}],"version-history":[{"count":0,"href":"https:\/\/migracao.redenoticia.com.br\/noticia\/wp-json\/wp\/v2\/posts\/96072\/revisions"}],"wp:featuredmedia":[{"embeddable":true,"href":"https:\/\/migracao.redenoticia.com.br\/noticia\/wp-json\/wp\/v2\/media\/95548"}],"wp:attachment":[{"href":"https:\/\/migracao.redenoticia.com.br\/noticia\/wp-json\/wp\/v2\/media?parent=96072"}],"wp:term":[{"taxonomy":"category","embeddable":true,"href":"https:\/\/migracao.redenoticia.com.br\/noticia\/wp-json\/wp\/v2\/categories?post=96072"},{"taxonomy":"post_tag","embeddable":true,"href":"https:\/\/migracao.redenoticia.com.br\/noticia\/wp-json\/wp\/v2\/tags?post=96072"}],"curies":[{"name":"wp","href":"https:\/\/api.w.org\/{rel}","templated":true}]}}