{"id":96081,"date":"2016-09-26T17:27:55","date_gmt":"2016-09-26T20:27:55","guid":{"rendered":"http:\/\/www.redenoticia.com.br\/noticia\/?p=96081"},"modified":"2016-09-26T17:27:55","modified_gmt":"2016-09-26T20:27:55","slug":"novela-mar-de-amor-resumo-2709-victor-planeja-fugir-da-cadeia","status":"publish","type":"post","link":"https:\/\/migracao.redenoticia.com.br\/noticia\/2016\/novela-mar-de-amor-resumo-2709-victor-planeja-fugir-da-cadeia\/96081","title":{"rendered":"Novela \u201cMar de Amor\u201d resumo 27\/09: Victor planeja fugir da cadeia"},"content":{"rendered":"<p> <img loading=\"lazy\" decoding=\"async\" class=\"alignleft size-thumbnail wp-image-86321\" src=\"https:\/\/migracao.redenoticia.com.br\/noticia\/imagens\/Mar_de_Amor_SBT_resumo_novela-150x112.jpg\" alt=\"Mar_de_Amor_SBT_resumo_novela\" width=\"150\" height=\"112\" srcset=\"https:\/\/migracao.redenoticia.com.br\/noticia\/imagens\/Mar_de_Amor_SBT_resumo_novela-150x112.jpg 150w, https:\/\/migracao.redenoticia.com.br\/noticia\/imagens\/Mar_de_Amor_SBT_resumo_novela-265x198.jpg 265w\" sizes=\"auto, (max-width: 150px) 100vw, 150px\" \/><strong><em>Novela \u201cMar de Amor\u201d resumo 27\/09<\/em><\/strong>: Victor Manuel \u00e9 condenado a cinquenta anos de pris\u00e3o. Estrela est\u00e1 desolada e Luz, com sua dor, perde a cabe\u00e7a por algumas horas. Luz se recupera e acusa Mercedes de ter desejado que Victor Manuel ficasse detido. Mercedes nega a afirma\u00e7\u00e3o de Luz. A \u00fanica pessoa feliz com a condena\u00e7\u00e3o \u00e9 Coral e Leon Parra, que fazem planos pra ficarem com toda a fortuna do capit\u00e3o. Mas, na pris\u00e3o, Victor garante a Salvador que n\u00e3o vai cumprir sua senten\u00e7a, pois ele n\u00e3o matou Hernan. Ele diz que vai escapar e, uma vez livre, vai se dedicar a procurar o verdadeiro assassino.<\/p>\n<p>No cap\u00edtulo 097(*), novela \u201cMar de Amor\u201d, ter\u00e7a-feira, 27 de setembro \u2013 Estrela est\u00e1 desolada porque Victor Manuel foi declarado culpado e condenado a cinquenta anos de pris\u00e3o. A dor de Luz \u00e9 t\u00e3o grande que ela perde a cabe\u00e7a por algumas horas e exige que lhe tragam seu filho de volta. <\/p>\n<p>Depois, quando Luz se recupera ela acusa Mercedes de ter desejado que Victor Manuel ficasse detido. Mercedes nega a afirma\u00e7\u00e3o de Luz. Quem est\u00e1 muito satisfeita \u00e9 Catalina, e tanto ela quanto Leon fazem planos para ficarem com toda a fortuna de Victor Manuel. <\/p>\n<p>Simona come\u00e7a a se incomodar quando percebe que Catalina e Victor Manuel n\u00e3o a levam em considera\u00e7\u00e3o para nada. Victor garante a Salvador que n\u00e3o cumprir\u00e1 sua senten\u00e7a, pois ele n\u00e3o matou Hernan. Ele diz que vai escapar e, uma vez livre, se dedicar\u00e1 a procurar o verdadeiro assassino. Oriana est\u00e1 arquitetando um plano para sequestrar Santos e lev\u00e1-lo a mesma ilha onde ele ia se casar com Rainha.<\/p>\n<p>(*) edi\u00e7\u00e3o do SBT, Novela \u201cMar de Amor\u201d, sujeito a altera\u00e7\u00e3o de data e conte\u00fado.<\/p>\n","protected":false},"excerpt":{"rendered":"<p>Novela \u201cMar de Amor\u201d resumo 27\/09: Victor Manuel \u00e9 condenado a cinquenta anos de pris\u00e3o. Estrela est\u00e1 desolada e Luz, com sua dor, perde a cabe\u00e7a por algumas horas. Luz se recupera e acusa Mercedes de ter desejado que Victor Manuel ficasse detido. Mercedes nega a afirma\u00e7\u00e3o de Luz. A \u00fanica pessoa feliz com a [&hellip;]<\/p>\n","protected":false},"author":2,"featured_media":86321,"comment_status":"open","ping_status":"closed","sticky":false,"template":"","format":"standard","meta":{"tdm_status":"","tdm_grid_status":"","footnotes":""},"categories":[379,372,343],"tags":[441],"class_list":{"0":"post-96081","1":"post","2":"type-post","3":"status-publish","4":"format-standard","5":"has-post-thumbnail","7":"category-novelas","8":"category-sbt","9":"category-televisao","10":"tag-resumo-do-dia"},"_links":{"self":[{"href":"https:\/\/migracao.redenoticia.com.br\/noticia\/wp-json\/wp\/v2\/posts\/96081","targetHints":{"allow":["GET"]}}],"collection":[{"href":"https:\/\/migracao.redenoticia.com.br\/noticia\/wp-json\/wp\/v2\/posts"}],"about":[{"href":"https:\/\/migracao.redenoticia.com.br\/noticia\/wp-json\/wp\/v2\/types\/post"}],"author":[{"embeddable":true,"href":"https:\/\/migracao.redenoticia.com.br\/noticia\/wp-json\/wp\/v2\/users\/2"}],"replies":[{"embeddable":true,"href":"https:\/\/migracao.redenoticia.com.br\/noticia\/wp-json\/wp\/v2\/comments?post=96081"}],"version-history":[{"count":0,"href":"https:\/\/migracao.redenoticia.com.br\/noticia\/wp-json\/wp\/v2\/posts\/96081\/revisions"}],"wp:featuredmedia":[{"embeddable":true,"href":"https:\/\/migracao.redenoticia.com.br\/noticia\/wp-json\/wp\/v2\/media\/86321"}],"wp:attachment":[{"href":"https:\/\/migracao.redenoticia.com.br\/noticia\/wp-json\/wp\/v2\/media?parent=96081"}],"wp:term":[{"taxonomy":"category","embeddable":true,"href":"https:\/\/migracao.redenoticia.com.br\/noticia\/wp-json\/wp\/v2\/categories?post=96081"},{"taxonomy":"post_tag","embeddable":true,"href":"https:\/\/migracao.redenoticia.com.br\/noticia\/wp-json\/wp\/v2\/tags?post=96081"}],"curies":[{"name":"wp","href":"https:\/\/api.w.org\/{rel}","templated":true}]}}