{"id":96083,"date":"2016-09-26T19:47:57","date_gmt":"2016-09-26T22:47:57","guid":{"rendered":"http:\/\/www.redenoticia.com.br\/noticia\/?p=96083"},"modified":"2016-09-27T20:47:40","modified_gmt":"2016-09-27T23:47:40","slug":"novela-escrava-mae-resumo-2709-maria-isabel-decide-dar-carta-de-alforria-a-esmeria","status":"publish","type":"post","link":"https:\/\/migracao.redenoticia.com.br\/noticia\/2016\/novela-escrava-mae-resumo-2709-maria-isabel-decide-dar-carta-de-alforria-a-esmeria\/96083","title":{"rendered":"Novela \u201cEscrava M\u00e3e\u201d resumo 27\/09: Maria Isabel decide dar carta de alforria a Esm\u00e9ria"},"content":{"rendered":"<p><img loading=\"lazy\" decoding=\"async\" class=\"alignleft size-thumbnail wp-image-87037\" src=\"https:\/\/migracao.redenoticia.com.br\/noticia\/imagens\/escrava-mae-novela-resumo-150x112.jpg\" alt=\"escrava-mae-novela-resumo\" width=\"150\" height=\"112\" srcset=\"https:\/\/migracao.redenoticia.com.br\/noticia\/imagens\/escrava-mae-novela-resumo-150x112.jpg 150w, https:\/\/migracao.redenoticia.com.br\/noticia\/imagens\/escrava-mae-novela-resumo-265x198.jpg 265w\" sizes=\"auto, (max-width: 150px) 100vw, 150px\" \/><strong><em>Novela \u201cEscrava M\u00e3e\u201d resumo 27\/09<\/em><\/strong>: Beatrice e Dr. Pacheco entram no quarto de Maria Isabel e estranham o fato de Esm\u00e9ria usar um vestido de Maria Isabel. Maria Isabel diz que deu de presente para Esm\u00e9ria. Maria Isabel diz para Almeida dar a carta de alforria de Esm\u00e9ria e pede para liberta-la na frente de todos. Maria Isabel diz para Miguel que pediu para libertarem Esm\u00e9ria. Miguel diz que podia fazer o mesmo por ele. Maria Isabel pede para chamar Juliana e diz que a quer como mucama no lugar de Esm\u00e9ria.<\/p>\n<p>No capitulo 085 (*), novela \u201cEscrava M\u00e3e\u201d, ter\u00e7a-feira, 27 de setembro &#8211; Nestor, D\u00e1lia e Belezinha encenam a pe\u00e7a de teatro e ficam constrangidos com a chegada de \u00c1tila. Dr. Pacheco examina Teresa e diz que est\u00e1 tudo bem. Dr. Pacheco revela que Almeida far\u00e1 uma homenagem a Cust\u00f3dio na festa da vila. Teresa se surpreende e troca um olhar com Juliana. Catarina conversa com Miguel que orienta n\u00e3o confiar em Os\u00f3rio. B\u00e1 Teixeira chega e diz que tem algo que pode ajudar a libertar Esm\u00e9ria. Esm\u00e9ria est\u00e1 sentada na cama enquanto Maria Isabel perto da bandeja de frutas. Maria Isabel vai servir frutas para Esm\u00e9ria e rapidamente encosta a faca no pesco\u00e7o de Esm\u00e9ria que se assusta. Esm\u00e9ria entra em p\u00e2nico. <\/p>\n<p> Maria Isabel amea\u00e7a Esm\u00e9ria com uma faca no pesco\u00e7o. B\u00e1 Teixeira vai oferecer ajuda \u00e0 Catarina para libertar Esm\u00e9ria, em troca pede que Catarina ajude Quintiliano a se recuperar do preju\u00edzo que teve com o barco. Catarina pergunta como pode ajuda-lo e B\u00e1 Teixeira entrega a pepita de ouro. Miguel diz que a pepita \u00e9 solu\u00e7\u00e3o dos problemas deles. Beatrice e Dr. Pacheco entram no quarto de Maria Isabel e ela disfar\u00e7a. Eles estranham o fato de Esm\u00e9ria usar um vestido de Maria Isabel. Maria Isabel diz que deu de presente para Esm\u00e9ria. Dr. Pacheco examina Maria Isabel. <\/p>\n<p>Almeida fala para Urraca que Miguel blefou quando amea\u00e7ou tira-la de casa. Maria Isabel diz para Almeida dar a carta de alforria de Esm\u00e9ria e pede para liberta-la na frente de todos. Maria Isabel diz para Miguel que pediu para libertarem Esm\u00e9ria. Miguel diz que podia fazer o mesmo por ele. Maria Isabel est\u00e1 no quarto com Urraca quando tia Joaquina aparece perguntando se a sinh\u00e1 quer algo. Maria Isabel pede para chamar Juliana e diz que a quer como mucama no lugar de Esm\u00e9ria. Urraca e Almeida ficam assustados com a chegada de Loreto e alguns soldados. Loreto diz que o motivo de estar ali foi uma den\u00fancia que recebeu. Miguel e Juliana se encontram. Ela insiste em dizer que n\u00e3o podem ficar juntos. Loreto revira a casa de Almeida. Loreto encontra a bolsa de Gen\u00e9sio dentro no arm\u00e1rio no gabinete e tira a pepita de ouro de dentro. Almeida fica assustado. <\/p>\n<p>(*) edi\u00e7\u00e3o da Rede Record, Novela \u201cEscrava M\u00e3e\u201d, sujeito a altera\u00e7\u00e3o de data e conte\u00fado.<\/p>\n","protected":false},"excerpt":{"rendered":"<p>Novela \u201cEscrava M\u00e3e\u201d resumo 27\/09: Beatrice e Dr. Pacheco entram no quarto de Maria Isabel e estranham o fato de Esm\u00e9ria usar um vestido de Maria Isabel. Maria Isabel diz que deu de presente para Esm\u00e9ria. Maria Isabel diz para Almeida dar a carta de alforria de Esm\u00e9ria e pede para liberta-la na frente de [&hellip;]<\/p>\n","protected":false},"author":2,"featured_media":87037,"comment_status":"open","ping_status":"closed","sticky":false,"template":"","format":"standard","meta":{"tdm_status":"","tdm_grid_status":"","footnotes":""},"categories":[379,371,343],"tags":[441],"class_list":{"0":"post-96083","1":"post","2":"type-post","3":"status-publish","4":"format-standard","5":"has-post-thumbnail","7":"category-novelas","8":"category-rede-record","9":"category-televisao","10":"tag-resumo-do-dia"},"_links":{"self":[{"href":"https:\/\/migracao.redenoticia.com.br\/noticia\/wp-json\/wp\/v2\/posts\/96083","targetHints":{"allow":["GET"]}}],"collection":[{"href":"https:\/\/migracao.redenoticia.com.br\/noticia\/wp-json\/wp\/v2\/posts"}],"about":[{"href":"https:\/\/migracao.redenoticia.com.br\/noticia\/wp-json\/wp\/v2\/types\/post"}],"author":[{"embeddable":true,"href":"https:\/\/migracao.redenoticia.com.br\/noticia\/wp-json\/wp\/v2\/users\/2"}],"replies":[{"embeddable":true,"href":"https:\/\/migracao.redenoticia.com.br\/noticia\/wp-json\/wp\/v2\/comments?post=96083"}],"version-history":[{"count":0,"href":"https:\/\/migracao.redenoticia.com.br\/noticia\/wp-json\/wp\/v2\/posts\/96083\/revisions"}],"wp:featuredmedia":[{"embeddable":true,"href":"https:\/\/migracao.redenoticia.com.br\/noticia\/wp-json\/wp\/v2\/media\/87037"}],"wp:attachment":[{"href":"https:\/\/migracao.redenoticia.com.br\/noticia\/wp-json\/wp\/v2\/media?parent=96083"}],"wp:term":[{"taxonomy":"category","embeddable":true,"href":"https:\/\/migracao.redenoticia.com.br\/noticia\/wp-json\/wp\/v2\/categories?post=96083"},{"taxonomy":"post_tag","embeddable":true,"href":"https:\/\/migracao.redenoticia.com.br\/noticia\/wp-json\/wp\/v2\/tags?post=96083"}],"curies":[{"name":"wp","href":"https:\/\/api.w.org\/{rel}","templated":true}]}}