{"id":96104,"date":"2016-09-27T06:25:37","date_gmt":"2016-09-27T09:25:37","guid":{"rendered":"http:\/\/www.redenoticia.com.br\/noticia\/?p=96104"},"modified":"2016-09-26T20:27:29","modified_gmt":"2016-09-26T23:27:29","slug":"hospital-das-clinicas-inicia-campanha-pela-doacao-de-orgaos","status":"publish","type":"post","link":"https:\/\/migracao.redenoticia.com.br\/noticia\/2016\/hospital-das-clinicas-inicia-campanha-pela-doacao-de-orgaos\/96104","title":{"rendered":"Hospital das Cl\u00ednicas inicia campanha pela doa\u00e7\u00e3o de \u00f3rg\u00e3os"},"content":{"rendered":"<p> Pacientes em lista de espera de \u00f3rg\u00e3os para <strong><em>transplante<\/em><\/strong> de f\u00edgado, transplantados e m\u00e9dicos, assistentes e residentes, ir\u00e3o distribuir materiais informativos e esclarecem d\u00favidas sobre a necessidade e a import\u00e2ncia da doa\u00e7\u00e3o de \u00f3rg\u00e3os. <\/p>\n<p>As a\u00e7\u00f5es fazem parte da campanha que ser\u00e1 iniciada pelo Hospital das Cl\u00ednicas, da Faculdade de Medicina da USP, nesta ter\u00e7a-feira (27), Dia Nacional do Doador de \u00d3rg\u00e3os e Tecidos, para conscientizar a popula\u00e7\u00e3o a respeito.<\/p>\n<p>No ano de 2015, em S\u00e3o Paulo, foram realizados 511 transplantes, sendo 195 de rim, 120 de medula \u00f3ssea, 96 de f\u00edgado, 93 de c\u00f3rnea (tecido) e sete de p\u00e2ncreas, pelo Instituto Central do Hospital das Cl\u00ednicas da FMUSP. Mesmo assim, a lista de espera \u00e9 grande e metade dos que est\u00e3o nela perdem a vida antes de conseguir o transplante.<\/p>\n<p>A iniciativa da atividade \u00e9 da Divis\u00e3o de Transportes de F\u00edgado e \u00d3rg\u00e3os do Aparelho Digestivo e da Divis\u00e3o de Gastroenterologia e Hepatologia Cl\u00ednica do HC-FMUSP, em parceria com a OPO &#8211; Organiza\u00e7\u00e3o e Procura de \u00d3rg\u00e3os do HC e ONG Viva Transplante.<\/p>\n<p>Do Portal do Governo do Estado SP<\/p>\n","protected":false},"excerpt":{"rendered":"<p>Pacientes em lista de espera de \u00f3rg\u00e3os para transplante de f\u00edgado, transplantados e m\u00e9dicos, assistentes e residentes, ir\u00e3o distribuir materiais informativos e esclarecem d\u00favidas sobre a necessidade e a import\u00e2ncia da doa\u00e7\u00e3o de \u00f3rg\u00e3os. As a\u00e7\u00f5es fazem parte da campanha que ser\u00e1 iniciada pelo Hospital das Cl\u00ednicas, da Faculdade de Medicina da USP, nesta ter\u00e7a-feira [&hellip;]<\/p>\n","protected":false},"author":2,"featured_media":37376,"comment_status":"open","ping_status":"closed","sticky":false,"template":"","format":"standard","meta":{"tdm_status":"","tdm_grid_status":"","footnotes":""},"categories":[22,5],"tags":[],"class_list":{"0":"post-96104","1":"post","2":"type-post","3":"status-publish","4":"format-standard","5":"has-post-thumbnail","7":"category-brasil","8":"category-saude-e-vida"},"_links":{"self":[{"href":"https:\/\/migracao.redenoticia.com.br\/noticia\/wp-json\/wp\/v2\/posts\/96104","targetHints":{"allow":["GET"]}}],"collection":[{"href":"https:\/\/migracao.redenoticia.com.br\/noticia\/wp-json\/wp\/v2\/posts"}],"about":[{"href":"https:\/\/migracao.redenoticia.com.br\/noticia\/wp-json\/wp\/v2\/types\/post"}],"author":[{"embeddable":true,"href":"https:\/\/migracao.redenoticia.com.br\/noticia\/wp-json\/wp\/v2\/users\/2"}],"replies":[{"embeddable":true,"href":"https:\/\/migracao.redenoticia.com.br\/noticia\/wp-json\/wp\/v2\/comments?post=96104"}],"version-history":[{"count":0,"href":"https:\/\/migracao.redenoticia.com.br\/noticia\/wp-json\/wp\/v2\/posts\/96104\/revisions"}],"wp:featuredmedia":[{"embeddable":true,"href":"https:\/\/migracao.redenoticia.com.br\/noticia\/wp-json\/wp\/v2\/media\/37376"}],"wp:attachment":[{"href":"https:\/\/migracao.redenoticia.com.br\/noticia\/wp-json\/wp\/v2\/media?parent=96104"}],"wp:term":[{"taxonomy":"category","embeddable":true,"href":"https:\/\/migracao.redenoticia.com.br\/noticia\/wp-json\/wp\/v2\/categories?post=96104"},{"taxonomy":"post_tag","embeddable":true,"href":"https:\/\/migracao.redenoticia.com.br\/noticia\/wp-json\/wp\/v2\/tags?post=96104"}],"curies":[{"name":"wp","href":"https:\/\/api.w.org\/{rel}","templated":true}]}}