{"id":96134,"date":"2016-09-27T19:24:27","date_gmt":"2016-09-27T22:24:27","guid":{"rendered":"http:\/\/www.redenoticia.com.br\/noticia\/?p=96134"},"modified":"2016-09-27T17:23:55","modified_gmt":"2016-09-27T20:23:55","slug":"novela-sila-resumo-2809-esma-e-berzan-planejam-um-novo-plano-de-vinganca","status":"publish","type":"post","link":"https:\/\/migracao.redenoticia.com.br\/noticia\/2016\/novela-sila-resumo-2809-esma-e-berzan-planejam-um-novo-plano-de-vinganca\/96134","title":{"rendered":"Novela \u201cSila\u201d resumo 28\/09: Esma e Berzan fazem um novo plano de vingan\u00e7a"},"content":{"rendered":"<p> <img loading=\"lazy\" decoding=\"async\" class=\"alignleft size-thumbnail wp-image-83098\" src=\"https:\/\/migracao.redenoticia.com.br\/noticia\/imagens\/sila_band_novela_resumo_capitulo-150x112.jpg\" alt=\"sila_band_novela_resumo_capitulo\" width=\"150\" height=\"112\" srcset=\"https:\/\/migracao.redenoticia.com.br\/noticia\/imagens\/sila_band_novela_resumo_capitulo-150x112.jpg 150w, https:\/\/migracao.redenoticia.com.br\/noticia\/imagens\/sila_band_novela_resumo_capitulo-265x198.jpg 265w\" sizes=\"auto, (max-width: 150px) 100vw, 150px\" \/><strong><em> Novela \u201cSila\u201d resumo 28\/09<\/em><\/strong>: Esma passa por uma consulta psiqui\u00e1trica com um amigo de Zeynep. Sila vai ao encontro de Esma a pedido de Berzan. Zeliha passa mal e Sila volta para casa para socorr\u00ea-la. Sila marca um novo encontro com Esma. Esma vai at\u00e9 a casa de Berzan para juntos armarem um novo plano de vingan\u00e7a.<\/p>\n<p>No capitulo 153 (*), novela \u201cSila\u201d, quarta-feira, 28 de setembro &#8211; Boran fica sabendo que Zinar e Berzan est\u00e3o reunidos. Boran suspeita da atitude de Berzan. Zeynep volta para Istambul. Os parentes de Feride visitam Celil. Sila se encontra com uma velha amiga. Esma passa por uma consulta psiqui\u00e1trica com um amigo de Zeynep. Berzan manda alugar uma casa para receber um novo h\u00f3spede. Sila vai ao encontro de Esma a pedido de Berzan. Zeliha passa mal e Sila volta para casa para socorr\u00ea-la. Sila vai at\u00e9 a casa de Berzan e conta que ele \u00e9 o pai do filho de Zeliha.<\/p>\n<p> Boran fica bravo com Sila por ela ter se encontrado com Berzan e os dois brigam. Celil demora a voltar para casa e preocupa a fam\u00edlia. Boran encontra Celil na rua e diz que foi ele quem comprou a casa de Mardin. Sila marca um novo encontro com Esma.<\/p>\n<p> Zeinep vai ao escrit\u00f3rio de Boran. O tio de Feride pede desculpas a Boran. Esma vai at\u00e9 a casa de Berzan para juntos armarem um novo plano de vingan\u00e7a. Boran chega em casa com Zeinep e Sila fica bastante incomodada.<\/p>\n<p>(*) edi\u00e7\u00e3o da Band, Novela \u201cSila\u201d, sujeito a altera\u00e7\u00e3o de data e conte\u00fado. <\/p>\n","protected":false},"excerpt":{"rendered":"<p>Novela \u201cSila\u201d resumo 28\/09: Esma passa por uma consulta psiqui\u00e1trica com um amigo de Zeynep. Sila vai ao encontro de Esma a pedido de Berzan. Zeliha passa mal e Sila volta para casa para socorr\u00ea-la. Sila marca um novo encontro com Esma. Esma vai at\u00e9 a casa de Berzan para juntos armarem um novo plano [&hellip;]<\/p>\n","protected":false},"author":2,"featured_media":83098,"comment_status":"open","ping_status":"closed","sticky":false,"template":"","format":"standard","meta":{"tdm_status":"","tdm_grid_status":"","footnotes":""},"categories":[390,379,343],"tags":[441],"class_list":{"0":"post-96134","1":"post","2":"type-post","3":"status-publish","4":"format-standard","5":"has-post-thumbnail","7":"category-band","8":"category-novelas","9":"category-televisao","10":"tag-resumo-do-dia"},"_links":{"self":[{"href":"https:\/\/migracao.redenoticia.com.br\/noticia\/wp-json\/wp\/v2\/posts\/96134","targetHints":{"allow":["GET"]}}],"collection":[{"href":"https:\/\/migracao.redenoticia.com.br\/noticia\/wp-json\/wp\/v2\/posts"}],"about":[{"href":"https:\/\/migracao.redenoticia.com.br\/noticia\/wp-json\/wp\/v2\/types\/post"}],"author":[{"embeddable":true,"href":"https:\/\/migracao.redenoticia.com.br\/noticia\/wp-json\/wp\/v2\/users\/2"}],"replies":[{"embeddable":true,"href":"https:\/\/migracao.redenoticia.com.br\/noticia\/wp-json\/wp\/v2\/comments?post=96134"}],"version-history":[{"count":0,"href":"https:\/\/migracao.redenoticia.com.br\/noticia\/wp-json\/wp\/v2\/posts\/96134\/revisions"}],"wp:featuredmedia":[{"embeddable":true,"href":"https:\/\/migracao.redenoticia.com.br\/noticia\/wp-json\/wp\/v2\/media\/83098"}],"wp:attachment":[{"href":"https:\/\/migracao.redenoticia.com.br\/noticia\/wp-json\/wp\/v2\/media?parent=96134"}],"wp:term":[{"taxonomy":"category","embeddable":true,"href":"https:\/\/migracao.redenoticia.com.br\/noticia\/wp-json\/wp\/v2\/categories?post=96134"},{"taxonomy":"post_tag","embeddable":true,"href":"https:\/\/migracao.redenoticia.com.br\/noticia\/wp-json\/wp\/v2\/tags?post=96134"}],"curies":[{"name":"wp","href":"https:\/\/api.w.org\/{rel}","templated":true}]}}