{"id":96141,"date":"2016-09-27T20:15:20","date_gmt":"2016-09-27T23:15:20","guid":{"rendered":"http:\/\/www.redenoticia.com.br\/noticia\/?p=96141"},"modified":"2016-09-27T16:56:15","modified_gmt":"2016-09-27T19:56:15","slug":"novela-cumplices-de-um-resgate-resumo-2809-omar-chora-ao-descobrir-a-doenca-da-mae","status":"publish","type":"post","link":"https:\/\/migracao.redenoticia.com.br\/noticia\/2016\/novela-cumplices-de-um-resgate-resumo-2809-omar-chora-ao-descobrir-a-doenca-da-mae\/96141","title":{"rendered":"Novela \u201cC\u00famplices de um Resgate\u201d resumo 28\/09: falta rem\u00e9dio para Neuza"},"content":{"rendered":"<p><img loading=\"lazy\" decoding=\"async\" class=\"alignleft size-thumbnail wp-image-71351\" src=\"https:\/\/migracao.redenoticia.com.br\/noticia\/imagens\/cumplices_de_um_resgate_sbt_novela_resumo-150x112.jpg\" alt=\"cumplices_de_um_resgate_sbt_novela_resumo\" width=\"150\" height=\"112\" srcset=\"https:\/\/migracao.redenoticia.com.br\/noticia\/imagens\/cumplices_de_um_resgate_sbt_novela_resumo-150x112.jpg 150w, https:\/\/migracao.redenoticia.com.br\/noticia\/imagens\/cumplices_de_um_resgate_sbt_novela_resumo-265x198.jpg 265w\" sizes=\"auto, (max-width: 150px) 100vw, 150px\" \/><strong><em>Novela \u201cC\u00famplices de um Resgate\u201d resumo 28\/09<\/em><\/strong>:\u00a0Neuza desmaia e Omar entra em desespero. Vicente leva a m\u00e3e para o hospital e o m\u00e9dico avisa que Neuza est\u00e1 com c\u00e2ncer. Omar chora ao descobrir a doen\u00e7a da m\u00e3e e promete que vai cuidar muito bem dela. Em casa, o garoto se preocupa com a falta dos rem\u00e9dios de Neuza e sai para resolver o problema. <\/p>\n<p>No cap\u00edtulo 303(*), novela \u201cC\u00famplice de um Resgate\u201d, quarta-feira, 28 de setembro \u2013 Helena joga o seu buqu\u00ea de flores do casamento, que acaba com o casal Of\u00e9lio e Marina. Omar chora ao descobrir a doen\u00e7a da m\u00e3e.<\/p>\n<p>Na casa de Manuela e Isabela, as garotas fazem a noite das meninas. Omar promete para a m\u00e3e que ir\u00e1 cuidar muito bem dela. Em casa, o garoto se preocupa com a falta dos rem\u00e9dios de Neuza e sai para resolver o problema.<\/p>\n<p>Rebeca diz para Frederico que ele precisa encontrar uma maneira de provar para Ot\u00e1vio que foi Tomas o respons\u00e1vel pelo roubo e que ele apenas caiu numa armadilha. Rebeca conhece Paola, que na verdade \u00e9 Regina.<\/p>\n<p>(*) edi\u00e7\u00e3o do SBT, Novela \u201cC\u00famplices de um Resgate\u201d, sujeito a altera\u00e7\u00e3o de data e conte\u00fado.<\/p>\n","protected":false},"excerpt":{"rendered":"<p>Novela \u201cC\u00famplices de um Resgate\u201d resumo 28\/09:\u00a0Neuza desmaia e Omar entra em desespero. Vicente leva a m\u00e3e para o hospital e o m\u00e9dico avisa que Neuza est\u00e1 com c\u00e2ncer. Omar chora ao descobrir a doen\u00e7a da m\u00e3e e promete que vai cuidar muito bem dela. Em casa, o garoto se preocupa com a falta dos [&hellip;]<\/p>\n","protected":false},"author":4,"featured_media":71351,"comment_status":"open","ping_status":"closed","sticky":false,"template":"","format":"standard","meta":{"tdm_status":"","tdm_grid_status":"","footnotes":""},"categories":[379,372,343],"tags":[441],"class_list":{"0":"post-96141","1":"post","2":"type-post","3":"status-publish","4":"format-standard","5":"has-post-thumbnail","7":"category-novelas","8":"category-sbt","9":"category-televisao","10":"tag-resumo-do-dia"},"_links":{"self":[{"href":"https:\/\/migracao.redenoticia.com.br\/noticia\/wp-json\/wp\/v2\/posts\/96141","targetHints":{"allow":["GET"]}}],"collection":[{"href":"https:\/\/migracao.redenoticia.com.br\/noticia\/wp-json\/wp\/v2\/posts"}],"about":[{"href":"https:\/\/migracao.redenoticia.com.br\/noticia\/wp-json\/wp\/v2\/types\/post"}],"author":[{"embeddable":true,"href":"https:\/\/migracao.redenoticia.com.br\/noticia\/wp-json\/wp\/v2\/users\/4"}],"replies":[{"embeddable":true,"href":"https:\/\/migracao.redenoticia.com.br\/noticia\/wp-json\/wp\/v2\/comments?post=96141"}],"version-history":[{"count":0,"href":"https:\/\/migracao.redenoticia.com.br\/noticia\/wp-json\/wp\/v2\/posts\/96141\/revisions"}],"wp:featuredmedia":[{"embeddable":true,"href":"https:\/\/migracao.redenoticia.com.br\/noticia\/wp-json\/wp\/v2\/media\/71351"}],"wp:attachment":[{"href":"https:\/\/migracao.redenoticia.com.br\/noticia\/wp-json\/wp\/v2\/media?parent=96141"}],"wp:term":[{"taxonomy":"category","embeddable":true,"href":"https:\/\/migracao.redenoticia.com.br\/noticia\/wp-json\/wp\/v2\/categories?post=96141"},{"taxonomy":"post_tag","embeddable":true,"href":"https:\/\/migracao.redenoticia.com.br\/noticia\/wp-json\/wp\/v2\/tags?post=96141"}],"curies":[{"name":"wp","href":"https:\/\/api.w.org\/{rel}","templated":true}]}}