{"id":96148,"date":"2016-09-27T21:00:03","date_gmt":"2016-09-28T00:00:03","guid":{"rendered":"http:\/\/www.redenoticia.com.br\/noticia\/?p=96148"},"modified":"2016-09-29T00:43:16","modified_gmt":"2016-09-29T03:43:16","slug":"novela-velho-chico-resumo-2809-afranio-se-reconcilia-com-iolanda","status":"publish","type":"post","link":"https:\/\/migracao.redenoticia.com.br\/noticia\/2016\/novela-velho-chico-resumo-2809-afranio-se-reconcilia-com-iolanda\/96148","title":{"rendered":"Novela \u201cVelho Chico\u201d resumo 28\/09: Afr\u00e2nio faz um acordo de dela\u00e7\u00e3o"},"content":{"rendered":"<p><img loading=\"lazy\" decoding=\"async\" class=\"alignleft size-thumbnail wp-image-82169\" src=\"https:\/\/migracao.redenoticia.com.br\/noticia\/imagens\/velho_chico_novela_resumo_globo-150x112.jpg\" alt=\"velho_chico_novela_resumo_globo\" width=\"150\" height=\"112\" srcset=\"https:\/\/migracao.redenoticia.com.br\/noticia\/imagens\/velho_chico_novela_resumo_globo-150x112.jpg 150w, https:\/\/migracao.redenoticia.com.br\/noticia\/imagens\/velho_chico_novela_resumo_globo-265x198.jpg 265w\" sizes=\"auto, (max-width: 150px) 100vw, 150px\" \/><strong><em>Novela \u201cVelho Chico\u201d resumo 28\/09<\/em><\/strong>: arrependido de todo o mal que fez aos filhos, Afr\u00e2nio, acompanhado de seu advogado, procura o Minist\u00e9rio P\u00fablico em Salvador. Ele faz um acordo de dela\u00e7\u00e3o e conta tudo o que sabe sobre o esquema de fraudes em licita\u00e7\u00f5es e desvios de recursos p\u00fablicos. Depois, ele retorna para sua fazenda e passa para os agentes da Pol\u00edcia Federal os documentos que Carlos Eduardo usou para chantage\u00e1-lo, com nomes de pol\u00edticos, empreiteiros e partidos envolvidos no esquema. <\/p>\n<p>No cap\u00edtulo 171(*), novela \u201cVelho Chico\u201d, quarta-feira, 28 de setembro \u2013 Tereza fica aflita ao ver C\u00edcero chegar na cidade carregando a peruca de Afr\u00e2nio em suas m\u00e3os. O jagun\u00e7o abaixa a cabe\u00e7a, declara que j\u00e1 o procurou por toda parte e deixa a entender que o patr\u00e3o pode estar morto. &#8230; Miguel lidera os cooperados, divide as terras da sua fam\u00edlia com os \u00edndios e promete fazer Grotas virar refer\u00eancia na produ\u00e7\u00e3o de alimentos org\u00e2nicos. &#8230; Carlos Eduardo n\u00e3o quer que o projeto de agricultura de Miguel seja um sucesso. Com a inten\u00e7\u00e3o de destruir as terras da fam\u00edlia dos Anjos, o ex-deputado manda Queiroz ir com capangas at\u00e9 a fazenda Piat\u00e3 e ordena que eles sabotem o esquema de planta\u00e7\u00e3o dos rivais&#8230;. Beatriz ganha as elei\u00e7\u00f5es para prefeita e Bento \u00e9 reeleito vereador.   <\/p>\n<p> Carlos Eduardo encontra Miguel no bar do Chico Criatura, ironiza o fato de gados famintos terem devorado a planta\u00e7\u00e3o do jovem e o amea\u00e7a. Miguel o chama de bandido e covarde. Bento chega e provoca a ira do ex-deputado. Carlos p\u00f5e a m\u00e3o na cintura para pegar sua arma, decretando um novo confronto&#8230;.Afr\u00e2nio se reconcilia com Iolanda e procura o Minist\u00e9rio P\u00fablico em Salvador, acompanhado de um advogado. Ele faz um acordo de dela\u00e7\u00e3o e conta tudo o que sabe sobre o esquema de fraudes em licita\u00e7\u00f5es e desvios de recursos p\u00fablicos. Afr\u00e2nio entrega os documentos que Carlos Eduardo usou para chantage\u00e1-lo, com nomes de pol\u00edticos, empreiteiros e partidos envolvidos no esquema.<\/p>\n<p>Tereza contrata um advogado para tratar do div\u00f3rcio. Carlos recusa o acordo, amea\u00e7a pedir indeniza\u00e7\u00e3o por danos morais e congelar todo o patrimo?nio de sua fami?lia ate? o processo acabar. .. Carlos Eduardo \u00e9 avisado por Queiroz que Afr\u00e2nio delatou todo esquema. Ele pega malas de dinheiro, seu passaporte e foge de carro, mas fica sem gasolina em uma estrada de terra. O deputado compra um jegue, passa dias a andar pela caatinga e morre louco, com urubus sobrevoando seu corpo.<\/p>\n<p>(*) edi\u00e7\u00e3o da Rede Globo, Novela \u201cVelho Chico\u201d, sujeito a altera\u00e7\u00e3o de data e conte\u00fado.<\/p>\n","protected":false},"excerpt":{"rendered":"<p>Novela \u201cVelho Chico\u201d resumo 28\/09: arrependido de todo o mal que fez aos filhos, Afr\u00e2nio, acompanhado de seu advogado, procura o Minist\u00e9rio P\u00fablico em Salvador. Ele faz um acordo de dela\u00e7\u00e3o e conta tudo o que sabe sobre o esquema de fraudes em licita\u00e7\u00f5es e desvios de recursos p\u00fablicos. Depois, ele retorna para sua fazenda [&hellip;]<\/p>\n","protected":false},"author":4,"featured_media":82169,"comment_status":"open","ping_status":"closed","sticky":false,"template":"","format":"standard","meta":{"tdm_status":"","tdm_grid_status":"","footnotes":""},"categories":[379,375,343],"tags":[441],"class_list":{"0":"post-96148","1":"post","2":"type-post","3":"status-publish","4":"format-standard","5":"has-post-thumbnail","7":"category-novelas","8":"category-rede-globo","9":"category-televisao","10":"tag-resumo-do-dia"},"_links":{"self":[{"href":"https:\/\/migracao.redenoticia.com.br\/noticia\/wp-json\/wp\/v2\/posts\/96148","targetHints":{"allow":["GET"]}}],"collection":[{"href":"https:\/\/migracao.redenoticia.com.br\/noticia\/wp-json\/wp\/v2\/posts"}],"about":[{"href":"https:\/\/migracao.redenoticia.com.br\/noticia\/wp-json\/wp\/v2\/types\/post"}],"author":[{"embeddable":true,"href":"https:\/\/migracao.redenoticia.com.br\/noticia\/wp-json\/wp\/v2\/users\/4"}],"replies":[{"embeddable":true,"href":"https:\/\/migracao.redenoticia.com.br\/noticia\/wp-json\/wp\/v2\/comments?post=96148"}],"version-history":[{"count":0,"href":"https:\/\/migracao.redenoticia.com.br\/noticia\/wp-json\/wp\/v2\/posts\/96148\/revisions"}],"wp:featuredmedia":[{"embeddable":true,"href":"https:\/\/migracao.redenoticia.com.br\/noticia\/wp-json\/wp\/v2\/media\/82169"}],"wp:attachment":[{"href":"https:\/\/migracao.redenoticia.com.br\/noticia\/wp-json\/wp\/v2\/media?parent=96148"}],"wp:term":[{"taxonomy":"category","embeddable":true,"href":"https:\/\/migracao.redenoticia.com.br\/noticia\/wp-json\/wp\/v2\/categories?post=96148"},{"taxonomy":"post_tag","embeddable":true,"href":"https:\/\/migracao.redenoticia.com.br\/noticia\/wp-json\/wp\/v2\/tags?post=96148"}],"curies":[{"name":"wp","href":"https:\/\/api.w.org\/{rel}","templated":true}]}}