{"id":96150,"date":"2016-09-27T19:10:15","date_gmt":"2016-09-27T22:10:15","guid":{"rendered":"http:\/\/www.redenoticia.com.br\/noticia\/?p=96150"},"modified":"2016-09-27T17:20:32","modified_gmt":"2016-09-27T20:20:32","slug":"novela-haja-coracao-resumo-2809-apolo-e-tancinha-voltam-juntos-de-onibus-para-casa","status":"publish","type":"post","link":"https:\/\/migracao.redenoticia.com.br\/noticia\/2016\/novela-haja-coracao-resumo-2809-apolo-e-tancinha-voltam-juntos-de-onibus-para-casa\/96150","title":{"rendered":"Novela \u201cHaja Cora\u00e7\u00e3o\u201d resumo 28\/09: Apolo e Tancinha voltam juntos para casa"},"content":{"rendered":"<p><img loading=\"lazy\" decoding=\"async\" class=\"alignleft size-thumbnail wp-image-87038\" src=\"https:\/\/migracao.redenoticia.com.br\/noticia\/imagens\/haja_coracao_novela_resumo_capitulo_globo-150x112.jpg\" alt=\"haja_coracao_novela_resumo_capitulo_globo\" width=\"150\" height=\"112\" srcset=\"https:\/\/migracao.redenoticia.com.br\/noticia\/imagens\/haja_coracao_novela_resumo_capitulo_globo-150x112.jpg 150w, https:\/\/migracao.redenoticia.com.br\/noticia\/imagens\/haja_coracao_novela_resumo_capitulo_globo-265x198.jpg 265w\" sizes=\"auto, (max-width: 150px) 100vw, 150px\" \/><strong><em>Novela \u201cHaja Cora\u00e7\u00e3o\u201d resumo 28\/09<\/em><\/strong>:\u00a0Apolo e Tancinha s\u00e3o convidados pelos seus namorados a participar de um jantar e conhecer Pen\u00e9lope, m\u00e3e de Beto e Tamara. Assim, finalmente, Apolo e Tancinha descobrem que seus namorados s\u00e3o irm\u00e3os. Beto e Tamara brigam e surtam de ci\u00fames ao verem que a feirante e o caminhoneiro est\u00e3o rindo, entrosados, enquanto eles discutem. Os dois resolvem abandonar o ex-casal no jantar. Ap\u00f3s o jantar frustrado com Tamara e Beto, Apolo e Tancinha voltam juntos de \u00f4nibus para casa e ensaiam uma tr\u00e9gua. Na porta da casa de Tancinha, ao se despedirem, Beto chega e impede um beijo entre ela e Apolo.<\/p>\n<p>No cap\u00edtulo 101(*), novela \u201cHaja Cora\u00e7\u00e3o\u201d, quarta-feira, 28 de setembro \u2013 Nair comemora ao acreditar que Ad\u00f4nis ir\u00e1 se formar no fim do ano. Apolo e Tancinha tentam disfar\u00e7ar o clima de constrangimento, deixando Tamara e Beto com ci\u00fames.<\/p>\n<p>J\u00e9ssica promete dinheiro e fama internacional a Carmela na carreira de modelo, se ela ajud\u00e1-la a acabar com o relacionamento de Shirlei e Felipe. Vit\u00f3ria jura que n\u00e3o deixar\u00e1 Guido se reencontrar com a fam\u00edlia. Shirlei e Felipe t\u00eam sua primeira noite juntos.<\/p>\n<p>Agilson pede Rebeca em casamento, como parte do plano de Apar\u00edcio, na tentativa de fazer com que a arquiteta desista de se casar por dinheiro. Safira v\u00ea Agilson fugindo pela janela e decide ir atr\u00e1s dele. Beto impede um beijo entre Tancinha e Apolo.<\/p>\n<p>(*) edi\u00e7\u00e3o da Rede Globo, Novela \u201cHaja Cora\u00e7\u00e3o\u201d, sujeito a altera\u00e7\u00e3o de data e conte\u00fado.<\/p>\n","protected":false},"excerpt":{"rendered":"<p>Novela \u201cHaja Cora\u00e7\u00e3o\u201d resumo 28\/09:\u00a0Apolo e Tancinha s\u00e3o convidados pelos seus namorados a participar de um jantar e conhecer Pen\u00e9lope, m\u00e3e de Beto e Tamara. Assim, finalmente, Apolo e Tancinha descobrem que seus namorados s\u00e3o irm\u00e3os. Beto e Tamara brigam e surtam de ci\u00fames ao verem que a feirante e o caminhoneiro est\u00e3o rindo, entrosados, [&hellip;]<\/p>\n","protected":false},"author":4,"featured_media":87038,"comment_status":"open","ping_status":"closed","sticky":false,"template":"","format":"standard","meta":{"tdm_status":"","tdm_grid_status":"","footnotes":""},"categories":[379,375,343],"tags":[441],"class_list":{"0":"post-96150","1":"post","2":"type-post","3":"status-publish","4":"format-standard","5":"has-post-thumbnail","7":"category-novelas","8":"category-rede-globo","9":"category-televisao","10":"tag-resumo-do-dia"},"_links":{"self":[{"href":"https:\/\/migracao.redenoticia.com.br\/noticia\/wp-json\/wp\/v2\/posts\/96150","targetHints":{"allow":["GET"]}}],"collection":[{"href":"https:\/\/migracao.redenoticia.com.br\/noticia\/wp-json\/wp\/v2\/posts"}],"about":[{"href":"https:\/\/migracao.redenoticia.com.br\/noticia\/wp-json\/wp\/v2\/types\/post"}],"author":[{"embeddable":true,"href":"https:\/\/migracao.redenoticia.com.br\/noticia\/wp-json\/wp\/v2\/users\/4"}],"replies":[{"embeddable":true,"href":"https:\/\/migracao.redenoticia.com.br\/noticia\/wp-json\/wp\/v2\/comments?post=96150"}],"version-history":[{"count":0,"href":"https:\/\/migracao.redenoticia.com.br\/noticia\/wp-json\/wp\/v2\/posts\/96150\/revisions"}],"wp:featuredmedia":[{"embeddable":true,"href":"https:\/\/migracao.redenoticia.com.br\/noticia\/wp-json\/wp\/v2\/media\/87038"}],"wp:attachment":[{"href":"https:\/\/migracao.redenoticia.com.br\/noticia\/wp-json\/wp\/v2\/media?parent=96150"}],"wp:term":[{"taxonomy":"category","embeddable":true,"href":"https:\/\/migracao.redenoticia.com.br\/noticia\/wp-json\/wp\/v2\/categories?post=96150"},{"taxonomy":"post_tag","embeddable":true,"href":"https:\/\/migracao.redenoticia.com.br\/noticia\/wp-json\/wp\/v2\/tags?post=96150"}],"curies":[{"name":"wp","href":"https:\/\/api.w.org\/{rel}","templated":true}]}}