{"id":96191,"date":"2016-09-28T06:37:43","date_gmt":"2016-09-28T09:37:43","guid":{"rendered":"http:\/\/www.redenoticia.com.br\/noticia\/?p=96191"},"modified":"2016-09-27T17:39:48","modified_gmt":"2016-09-27T20:39:48","slug":"poluicao-92-da-populacao-global-respiram-ar-inadequado-alerta-oms","status":"publish","type":"post","link":"https:\/\/migracao.redenoticia.com.br\/noticia\/2016\/poluicao-92-da-populacao-global-respiram-ar-inadequado-alerta-oms\/96191","title":{"rendered":"Polui\u00e7\u00e3o: 92% da popula\u00e7\u00e3o global respiram ar inadequado, alerta OMS"},"content":{"rendered":"<p> A Organiza\u00e7\u00e3o Mundial da Sa\u00fade (OMS) alertou que 92% da popula\u00e7\u00e3o global vivem atualmente em \u00e1reas onde os n\u00edveis de <strong><em>qualidade do ar<\/em><\/strong> ultrapassam os limites m\u00ednimos estabelecidos pela entidade.<\/p>\n<p>Os dados integram o mais completo relat\u00f3rio global j\u00e1 divulgado pela organiza\u00e7\u00e3o sobre zonas de perigo para polui\u00e7\u00e3o do ar, com base em informa\u00e7\u00f5es de medi\u00e7\u00f5es por sat\u00e9lite, modelos de transporte a\u00e9reo e monitores de esta\u00e7\u00e3o terrestre de mais de 3 mil localidades rurais e urbanas.<\/p>\n<p>Polui\u00e7\u00e3o atmosf\u00e9rica e sa\u00fade<\/p>\n<p>A estimativa \u00e9 que cerca de 3 milh\u00f5es de mortes ao ano estejam ligadas \u00e0 exposi\u00e7\u00e3o \u00e0 polui\u00e7\u00e3o externa do ar. A polui\u00e7\u00e3o interna do ar, entretanto, aparenta ser igualmente perigosa j\u00e1 que, em 2012, em torno de 6,5 milh\u00f5es de mortes estavam associadas \u00e0 polui\u00e7\u00e3o interna e externa juntas.<\/p>\n<p>De acordo com a OMS, quase 90% das mortes relacionadas \u00e0 polui\u00e7\u00e3o do ar s\u00e3o registradas em pa\u00edses de baixa e m\u00e9dia renda, sendo que quase dois em cada tr\u00eas \u00f3bitos foram contabilizados no sudeste da \u00c1sia e em regi\u00f5es ocidentais do Pac\u00edfico.<\/p>\n<p>Ainda segundo o relat\u00f3rio, 92% das mortes s\u00e3o provocadas por doen\u00e7as n\u00e3o comunic\u00e1veis, sobretudo doen\u00e7as cardiovasculares, derrame, doen\u00e7a obstrutiva pulmonar cr\u00f4nica e c\u00e2ncer de pulm\u00e3o. A polui\u00e7\u00e3o do ar tamb\u00e9m aumenta os riscos de infec\u00e7\u00f5es respirat\u00f3rias graves.<\/p>\n<p>\u201cA polui\u00e7\u00e3o do ar continua prejudicando a sa\u00fade das popula\u00e7\u00f5es mais vulner\u00e1veis \u2013 mulheres, crian\u00e7as e adultos de mais idade\u201d, disse a diretora-geral adjunta da organiza\u00e7\u00e3o, Flavia Bustreo. \u201cPara que as pessoas sejam saud\u00e1veis, elas precisam respirar ar limpo do primeiro ao \u00faltimo suspiro\u201d, completou.<\/p>\n<p>Fontes de polui\u00e7\u00e3o<\/p>\n<p>A OMS alerta que as principais fontes de polui\u00e7\u00e3o do ar incluem modelos ineficientes de transporte; combust\u00edvel dom\u00e9stico e queima de res\u00edduos; usinas de energia movidas a carv\u00e3o; e atividades industriais em geral.<\/p>\n<p>\u201cPara enfrentar a polui\u00e7\u00e3o do ar, \u00e9 preciso agir o mais r\u00e1pido poss\u00edvel\u201d, defendeu a diretora do Departamento de Sa\u00fade P\u00fablica e Determinantes Ambientais e Sociais de Sa\u00fade da OMS, Maria Neira.<\/p>\n<p>\u201cAs solu\u00e7\u00f5es existem por meio do transporte sustent\u00e1vel nas cidades, da gest\u00e3o de res\u00edduos s\u00f3lidos, do acesso a combust\u00edveis dom\u00e9sticos limpos e fog\u00f5es, bem como de energias renov\u00e1veis e da redu\u00e7\u00e3o de emiss\u00f5es industriais\u201d, concluiu Maria.<\/p>\n<p>Paula Laboissi\u00e8re \u2013 Rep\u00f3rter da Ag\u00eancia Brasil<br \/>\nEdi\u00e7\u00e3o: Denise Griesinger<br \/>\n28\/09\/2016<\/p>\n","protected":false},"excerpt":{"rendered":"<p>A Organiza\u00e7\u00e3o Mundial da Sa\u00fade (OMS) alertou que 92% da popula\u00e7\u00e3o global vivem atualmente em \u00e1reas onde os n\u00edveis de qualidade do ar ultrapassam os limites m\u00ednimos estabelecidos pela entidade. Os dados integram o mais completo relat\u00f3rio global j\u00e1 divulgado pela organiza\u00e7\u00e3o sobre zonas de perigo para polui\u00e7\u00e3o do ar, com base em informa\u00e7\u00f5es de [&hellip;]<\/p>\n","protected":false},"author":2,"featured_media":35207,"comment_status":"open","ping_status":"closed","sticky":false,"template":"","format":"standard","meta":{"tdm_status":"","tdm_grid_status":"","footnotes":""},"categories":[22,5],"tags":[],"class_list":{"0":"post-96191","1":"post","2":"type-post","3":"status-publish","4":"format-standard","5":"has-post-thumbnail","7":"category-brasil","8":"category-saude-e-vida"},"_links":{"self":[{"href":"https:\/\/migracao.redenoticia.com.br\/noticia\/wp-json\/wp\/v2\/posts\/96191","targetHints":{"allow":["GET"]}}],"collection":[{"href":"https:\/\/migracao.redenoticia.com.br\/noticia\/wp-json\/wp\/v2\/posts"}],"about":[{"href":"https:\/\/migracao.redenoticia.com.br\/noticia\/wp-json\/wp\/v2\/types\/post"}],"author":[{"embeddable":true,"href":"https:\/\/migracao.redenoticia.com.br\/noticia\/wp-json\/wp\/v2\/users\/2"}],"replies":[{"embeddable":true,"href":"https:\/\/migracao.redenoticia.com.br\/noticia\/wp-json\/wp\/v2\/comments?post=96191"}],"version-history":[{"count":0,"href":"https:\/\/migracao.redenoticia.com.br\/noticia\/wp-json\/wp\/v2\/posts\/96191\/revisions"}],"wp:featuredmedia":[{"embeddable":true,"href":"https:\/\/migracao.redenoticia.com.br\/noticia\/wp-json\/wp\/v2\/media\/35207"}],"wp:attachment":[{"href":"https:\/\/migracao.redenoticia.com.br\/noticia\/wp-json\/wp\/v2\/media?parent=96191"}],"wp:term":[{"taxonomy":"category","embeddable":true,"href":"https:\/\/migracao.redenoticia.com.br\/noticia\/wp-json\/wp\/v2\/categories?post=96191"},{"taxonomy":"post_tag","embeddable":true,"href":"https:\/\/migracao.redenoticia.com.br\/noticia\/wp-json\/wp\/v2\/tags?post=96191"}],"curies":[{"name":"wp","href":"https:\/\/api.w.org\/{rel}","templated":true}]}}