{"id":96229,"date":"2016-09-28T18:10:35","date_gmt":"2016-09-28T21:10:35","guid":{"rendered":"http:\/\/www.redenoticia.com.br\/noticia\/?p=96229"},"modified":"2016-09-28T16:22:07","modified_gmt":"2016-09-28T19:22:07","slug":"novela-sol-nascente-resumo-2909-tanaka-questiona-o-futuro-do-namoro-de-alice-e-cesar","status":"publish","type":"post","link":"https:\/\/migracao.redenoticia.com.br\/noticia\/2016\/novela-sol-nascente-resumo-2909-tanaka-questiona-o-futuro-do-namoro-de-alice-e-cesar\/96229","title":{"rendered":"Novela \u201cSol Nascente\u201d resumo 29\/09: Tanaka questiona namoro de Alice e Cesar"},"content":{"rendered":"<p><img loading=\"lazy\" decoding=\"async\" class=\"alignleft size-thumbnail wp-image-91714\" src=\"https:\/\/migracao.redenoticia.com.br\/noticia\/imagens\/sol_nascente_resumo_novela_globo-150x112.jpg\" alt=\"sol_nascente_resumo_novela_globo\" width=\"150\" height=\"112\" srcset=\"https:\/\/migracao.redenoticia.com.br\/noticia\/imagens\/sol_nascente_resumo_novela_globo-150x112.jpg 150w, https:\/\/migracao.redenoticia.com.br\/noticia\/imagens\/sol_nascente_resumo_novela_globo-265x198.jpg 265w\" sizes=\"auto, (max-width: 150px) 100vw, 150px\" \/><strong><em>Novela \u201cSol Nascente\u201d resumo 29\/09<\/em><\/strong>: na casa de\u00a0Tanaka, todos terminam o caf\u00e9 da manh\u00e3 e come\u00e7am a se retirar da mesa para seus afazeres. Quando sai,\u00a0Alice encontra\u00a0Gaetano, que chega com um pacote de doces. Quando ficam a s\u00f3s, Tanaka pergunta ao amigo o motivo de estar t\u00e3o cedo em sua casa. Gaetano \u00e9 direto e pergunta onde ele est\u00e1 com a cabe\u00e7a ao contratar C\u00e9sar para trabalhar na empresa, pois ele n\u00e3o o conhece de verdade. Gaetano alerta Tanaka e este come\u00e7a a pensar nas palavras do amigo. Mais tarde, Tanaka questiona o futuro do namoro de Alice e Cesar.<\/p>\n<p>No cap\u00edtulo 027(*), novela \u201cSol Nascente\u201d, quinta-feira, 29 de setembro \u2013 Gaetano alerta Tanaka sobre Cesar. Mario aconselha Vittorio a investir em um novo relacionamento.<\/p>\n<p>Ana percebe a cumplicidade entre Cesar e Carol, mas a mo\u00e7a consegue despistar a desconfian\u00e7a da m\u00e3e. Dora reclama com Tiago por ter de ficar em repouso.<\/p>\n<p>Vittorio se decepciona ao n\u00e3o encontrar Lenita. Alice e Cesar apresentam a empresa para Sinh\u00e1, que observa as fotos de Tanaka. Lenita pensa em Vittorio. Yumi e Mieko ajudam Hir\u00f4 a selecionar seus pretendentes. Tanaka questiona o futuro do namoro de Alice e Cesar.<\/p>\n<p>(*) edi\u00e7\u00e3o da Rede Globo, Novela \u201cSol Nascente\u201d, sujeito a altera\u00e7\u00e3o de data e conte\u00fado.<\/p>\n","protected":false},"excerpt":{"rendered":"<p>Novela \u201cSol Nascente\u201d resumo 29\/09: na casa de\u00a0Tanaka, todos terminam o caf\u00e9 da manh\u00e3 e come\u00e7am a se retirar da mesa para seus afazeres. Quando sai,\u00a0Alice encontra\u00a0Gaetano, que chega com um pacote de doces. Quando ficam a s\u00f3s, Tanaka pergunta ao amigo o motivo de estar t\u00e3o cedo em sua casa. Gaetano \u00e9 direto e [&hellip;]<\/p>\n","protected":false},"author":4,"featured_media":91714,"comment_status":"open","ping_status":"closed","sticky":false,"template":"","format":"standard","meta":{"tdm_status":"","tdm_grid_status":"","footnotes":""},"categories":[379,375,343],"tags":[441],"class_list":{"0":"post-96229","1":"post","2":"type-post","3":"status-publish","4":"format-standard","5":"has-post-thumbnail","7":"category-novelas","8":"category-rede-globo","9":"category-televisao","10":"tag-resumo-do-dia"},"_links":{"self":[{"href":"https:\/\/migracao.redenoticia.com.br\/noticia\/wp-json\/wp\/v2\/posts\/96229","targetHints":{"allow":["GET"]}}],"collection":[{"href":"https:\/\/migracao.redenoticia.com.br\/noticia\/wp-json\/wp\/v2\/posts"}],"about":[{"href":"https:\/\/migracao.redenoticia.com.br\/noticia\/wp-json\/wp\/v2\/types\/post"}],"author":[{"embeddable":true,"href":"https:\/\/migracao.redenoticia.com.br\/noticia\/wp-json\/wp\/v2\/users\/4"}],"replies":[{"embeddable":true,"href":"https:\/\/migracao.redenoticia.com.br\/noticia\/wp-json\/wp\/v2\/comments?post=96229"}],"version-history":[{"count":0,"href":"https:\/\/migracao.redenoticia.com.br\/noticia\/wp-json\/wp\/v2\/posts\/96229\/revisions"}],"wp:featuredmedia":[{"embeddable":true,"href":"https:\/\/migracao.redenoticia.com.br\/noticia\/wp-json\/wp\/v2\/media\/91714"}],"wp:attachment":[{"href":"https:\/\/migracao.redenoticia.com.br\/noticia\/wp-json\/wp\/v2\/media?parent=96229"}],"wp:term":[{"taxonomy":"category","embeddable":true,"href":"https:\/\/migracao.redenoticia.com.br\/noticia\/wp-json\/wp\/v2\/categories?post=96229"},{"taxonomy":"post_tag","embeddable":true,"href":"https:\/\/migracao.redenoticia.com.br\/noticia\/wp-json\/wp\/v2\/tags?post=96229"}],"curies":[{"name":"wp","href":"https:\/\/api.w.org\/{rel}","templated":true}]}}