{"id":96231,"date":"2016-09-28T17:10:00","date_gmt":"2016-09-28T20:10:00","guid":{"rendered":"http:\/\/www.redenoticia.com.br\/noticia\/?p=96231"},"modified":"2016-09-28T16:25:44","modified_gmt":"2016-09-28T19:25:44","slug":"novela-malhacao-resumo-2909-gabriel-conversa-com-joana-e-a-beija","status":"publish","type":"post","link":"https:\/\/migracao.redenoticia.com.br\/noticia\/2016\/novela-malhacao-resumo-2909-gabriel-conversa-com-joana-e-a-beija\/96231","title":{"rendered":"Novela \u201cMalha\u00e7\u00e3o\u201d resumo 29\/09: Gabriel conversa com Joana e a beija"},"content":{"rendered":"<p><img loading=\"lazy\" decoding=\"async\" class=\"alignleft size-thumbnail wp-image-91715\" src=\"https:\/\/migracao.redenoticia.com.br\/noticia\/imagens\/malhacao_pro_dia_nascer_feliz_resumo_novela-150x112.jpg\" alt=\"malhacao_pro_dia_nascer_feliz_resumo_novela\" width=\"150\" height=\"112\" srcset=\"https:\/\/migracao.redenoticia.com.br\/noticia\/imagens\/malhacao_pro_dia_nascer_feliz_resumo_novela-150x112.jpg 150w, https:\/\/migracao.redenoticia.com.br\/noticia\/imagens\/malhacao_pro_dia_nascer_feliz_resumo_novela-265x198.jpg 265w\" sizes=\"auto, (max-width: 150px) 100vw, 150px\" \/><strong><em>Novela \u201cMalha\u00e7\u00e3o\u201d resumo 29\/09<\/em><\/strong>:\u00a0T\u00e2nia conversa com Ricardo sobre a ideia para ajudar na obra da quadra do Dom Fern\u00e3o. B\u00e1rbara chega e Ricardo a repreende na frente de T\u00e3nia e Joana. Depois, ele avisa Joana que a quadra esportiva do Dom Fern\u00e3o vai ser revitalizada. Revoltada, B\u00e1rbara trata Joana mal e Gabriel v\u00ea. Mais tarde, Gabriel conversa com Joana e a beija.<\/p>\n<p>No cap\u00edtulo 029(*), novela \u201cMalha\u00e7\u00e3o\u201d, quinta-feira, 29 de setembro \u2013 Ricardo repreende B\u00e1rbara na frente de T\u00e2nia e Joana. Krica e Cleyton pensam sobre o nome de sua filha, quando Alina chega.<\/p>\n<p>Ricardo anuncia \u00e0 Joana que a quadra esportiva do Dom Fern\u00e3o ser\u00e1 revitalizada. Jab\u00e1 alerta Lucas sobre a import\u00e2ncia da apresenta\u00e7\u00e3o de Juliana.<\/p>\n<p>Caio descobre que Joana n\u00e3o contou a Ricardo que \u00e9 filha de Carmem. Martinha convence J\u00e9ssica a trein\u00e1-la para o show de talentos. Lucas mostra interesse por Luiza. J\u00e9ssica se surpreende com o comportamento de Belloto. B\u00e1rbara trata Joana mal e Gabriel v\u00ea. Lucas desiste de dan\u00e7ar com Juliana. Gabriel beija Joana.<\/p>\n<p>(*) edi\u00e7\u00e3o da Rede Globo, Novela \u201cMalha\u00e7\u00e3o\u201d, sujeito a altera\u00e7\u00e3o de data e conte\u00fado<\/p>\n","protected":false},"excerpt":{"rendered":"<p>Novela \u201cMalha\u00e7\u00e3o\u201d resumo 29\/09:\u00a0T\u00e2nia conversa com Ricardo sobre a ideia para ajudar na obra da quadra do Dom Fern\u00e3o. B\u00e1rbara chega e Ricardo a repreende na frente de T\u00e3nia e Joana. Depois, ele avisa Joana que a quadra esportiva do Dom Fern\u00e3o vai ser revitalizada. Revoltada, B\u00e1rbara trata Joana mal e Gabriel v\u00ea. Mais tarde, [&hellip;]<\/p>\n","protected":false},"author":4,"featured_media":91715,"comment_status":"open","ping_status":"closed","sticky":false,"template":"","format":"standard","meta":{"tdm_status":"","tdm_grid_status":"","footnotes":""},"categories":[447,379,375,343],"tags":[441],"class_list":{"0":"post-96231","1":"post","2":"type-post","3":"status-publish","4":"format-standard","5":"has-post-thumbnail","7":"category-malhacao","8":"category-novelas","9":"category-rede-globo","10":"category-televisao","11":"tag-resumo-do-dia"},"_links":{"self":[{"href":"https:\/\/migracao.redenoticia.com.br\/noticia\/wp-json\/wp\/v2\/posts\/96231","targetHints":{"allow":["GET"]}}],"collection":[{"href":"https:\/\/migracao.redenoticia.com.br\/noticia\/wp-json\/wp\/v2\/posts"}],"about":[{"href":"https:\/\/migracao.redenoticia.com.br\/noticia\/wp-json\/wp\/v2\/types\/post"}],"author":[{"embeddable":true,"href":"https:\/\/migracao.redenoticia.com.br\/noticia\/wp-json\/wp\/v2\/users\/4"}],"replies":[{"embeddable":true,"href":"https:\/\/migracao.redenoticia.com.br\/noticia\/wp-json\/wp\/v2\/comments?post=96231"}],"version-history":[{"count":0,"href":"https:\/\/migracao.redenoticia.com.br\/noticia\/wp-json\/wp\/v2\/posts\/96231\/revisions"}],"wp:featuredmedia":[{"embeddable":true,"href":"https:\/\/migracao.redenoticia.com.br\/noticia\/wp-json\/wp\/v2\/media\/91715"}],"wp:attachment":[{"href":"https:\/\/migracao.redenoticia.com.br\/noticia\/wp-json\/wp\/v2\/media?parent=96231"}],"wp:term":[{"taxonomy":"category","embeddable":true,"href":"https:\/\/migracao.redenoticia.com.br\/noticia\/wp-json\/wp\/v2\/categories?post=96231"},{"taxonomy":"post_tag","embeddable":true,"href":"https:\/\/migracao.redenoticia.com.br\/noticia\/wp-json\/wp\/v2\/tags?post=96231"}],"curies":[{"name":"wp","href":"https:\/\/api.w.org\/{rel}","templated":true}]}}