{"id":96238,"date":"2016-09-28T20:15:20","date_gmt":"2016-09-28T23:15:20","guid":{"rendered":"http:\/\/www.redenoticia.com.br\/noticia\/?p=96238"},"modified":"2016-09-28T16:11:37","modified_gmt":"2016-09-28T19:11:37","slug":"novela-cumplices-de-um-resgate-resumo-2909-geraldo-reaparece-no-escritorio-da-mansao","status":"publish","type":"post","link":"https:\/\/migracao.redenoticia.com.br\/noticia\/2016\/novela-cumplices-de-um-resgate-resumo-2909-geraldo-reaparece-no-escritorio-da-mansao\/96238","title":{"rendered":"Novela \u201cC\u00famplices de um Resgate\u201d resumo 29\/09: Geraldo reaparece na mans\u00e3o"},"content":{"rendered":"<p><img loading=\"lazy\" decoding=\"async\" class=\"alignleft size-thumbnail wp-image-71351\" src=\"https:\/\/migracao.redenoticia.com.br\/noticia\/imagens\/cumplices_de_um_resgate_sbt_novela_resumo-150x112.jpg\" alt=\"cumplices_de_um_resgate_sbt_novela_resumo\" width=\"150\" height=\"112\" srcset=\"https:\/\/migracao.redenoticia.com.br\/noticia\/imagens\/cumplices_de_um_resgate_sbt_novela_resumo-150x112.jpg 150w, https:\/\/migracao.redenoticia.com.br\/noticia\/imagens\/cumplices_de_um_resgate_sbt_novela_resumo-265x198.jpg 265w\" sizes=\"auto, (max-width: 150px) 100vw, 150px\" \/><strong><em>Novela \u201cC\u00famplices de um Resgate\u201d resumo 29\/09<\/em><\/strong>:\u00a0o C1R est\u00e1 sem cantora e, assim, eles tentam convencer Manuela a voltar a cantar na banda. Os integrantes da banda Manuela e Seus Amigos tamb\u00e9m. Manuela decide se dedicar para sua banda do vilarejo. Na Top Records, os m\u00fasicos decidem que o nome da banda ser\u00e1 Insanos. Para surpresa de Paola (Regina), Geraldo reaparece no escrit\u00f3rio da mans\u00e3o. <\/p>\n<p>No cap\u00edtulo 304(*), novela \u201cC\u00famplice de um Resgate\u201d, quinta-feira, 29 de setembro \u2013 Paola diz para Rebeca que possui uma ONG com objetivo de ajudar m\u00e3es a encontrarem seus filhos desaparecidos.<\/p>\n<p>O C1R tenta convencer Manuela a voltar a cantar na banda. Os integrantes da \u201cManuela e Seus Amigos\u201d tamb\u00e9m. Manuela decide se dedicar para sua banda do vilarejo.<\/p>\n<p>Nico recebe o panfleto de uma nova corrida de cavalos e fica empolgado. Sabrina faz placas ecol\u00f3gicas para espalhar no vilarejo. Pedro e Helena viajam em lua de mel. Na Top Records, os m\u00fasicos decidem que o nome da banda ser\u00e1 \u201cInsanos\u201d. Geraldo reaparece no escrit\u00f3rio da mans\u00e3o para Regina.<\/p>\n<p>(*) edi\u00e7\u00e3o do SBT, Novela \u201cC\u00famplices de um Resgate\u201d, sujeito a altera\u00e7\u00e3o de data e conte\u00fado.<\/p>\n","protected":false},"excerpt":{"rendered":"<p>Novela \u201cC\u00famplices de um Resgate\u201d resumo 29\/09:\u00a0o C1R est\u00e1 sem cantora e, assim, eles tentam convencer Manuela a voltar a cantar na banda. Os integrantes da banda Manuela e Seus Amigos tamb\u00e9m. Manuela decide se dedicar para sua banda do vilarejo. Na Top Records, os m\u00fasicos decidem que o nome da banda ser\u00e1 Insanos. Para [&hellip;]<\/p>\n","protected":false},"author":4,"featured_media":71351,"comment_status":"open","ping_status":"closed","sticky":false,"template":"","format":"standard","meta":{"tdm_status":"","tdm_grid_status":"","footnotes":""},"categories":[379,372,343],"tags":[441],"class_list":{"0":"post-96238","1":"post","2":"type-post","3":"status-publish","4":"format-standard","5":"has-post-thumbnail","7":"category-novelas","8":"category-sbt","9":"category-televisao","10":"tag-resumo-do-dia"},"_links":{"self":[{"href":"https:\/\/migracao.redenoticia.com.br\/noticia\/wp-json\/wp\/v2\/posts\/96238","targetHints":{"allow":["GET"]}}],"collection":[{"href":"https:\/\/migracao.redenoticia.com.br\/noticia\/wp-json\/wp\/v2\/posts"}],"about":[{"href":"https:\/\/migracao.redenoticia.com.br\/noticia\/wp-json\/wp\/v2\/types\/post"}],"author":[{"embeddable":true,"href":"https:\/\/migracao.redenoticia.com.br\/noticia\/wp-json\/wp\/v2\/users\/4"}],"replies":[{"embeddable":true,"href":"https:\/\/migracao.redenoticia.com.br\/noticia\/wp-json\/wp\/v2\/comments?post=96238"}],"version-history":[{"count":0,"href":"https:\/\/migracao.redenoticia.com.br\/noticia\/wp-json\/wp\/v2\/posts\/96238\/revisions"}],"wp:featuredmedia":[{"embeddable":true,"href":"https:\/\/migracao.redenoticia.com.br\/noticia\/wp-json\/wp\/v2\/media\/71351"}],"wp:attachment":[{"href":"https:\/\/migracao.redenoticia.com.br\/noticia\/wp-json\/wp\/v2\/media?parent=96238"}],"wp:term":[{"taxonomy":"category","embeddable":true,"href":"https:\/\/migracao.redenoticia.com.br\/noticia\/wp-json\/wp\/v2\/categories?post=96238"},{"taxonomy":"post_tag","embeddable":true,"href":"https:\/\/migracao.redenoticia.com.br\/noticia\/wp-json\/wp\/v2\/tags?post=96238"}],"curies":[{"name":"wp","href":"https:\/\/api.w.org\/{rel}","templated":true}]}}