{"id":96244,"date":"2016-09-28T16:15:45","date_gmt":"2016-09-28T19:15:45","guid":{"rendered":"http:\/\/www.redenoticia.com.br\/noticia\/?p=96244"},"modified":"2016-09-28T16:27:09","modified_gmt":"2016-09-28T19:27:09","slug":"novela-mar-de-amor-resumo-2909-oriana-e-detida-e-encontra-simona-e-sua-amiga-mariposa-em-uma-cela","status":"publish","type":"post","link":"https:\/\/migracao.redenoticia.com.br\/noticia\/2016\/novela-mar-de-amor-resumo-2909-oriana-e-detida-e-encontra-simona-e-sua-amiga-mariposa-em-uma-cela\/96244","title":{"rendered":"Novela \u201cMar de Amor\u201d resumo 29\/09: Oriana \u00e9 detida e encontra Simona na cela"},"content":{"rendered":"<p><img loading=\"lazy\" decoding=\"async\" class=\"alignleft size-thumbnail wp-image-86321\" src=\"https:\/\/migracao.redenoticia.com.br\/noticia\/imagens\/Mar_de_Amor_SBT_resumo_novela-150x112.jpg\" alt=\"Mar_de_Amor_SBT_resumo_novela\" width=\"150\" height=\"112\" srcset=\"https:\/\/migracao.redenoticia.com.br\/noticia\/imagens\/Mar_de_Amor_SBT_resumo_novela-150x112.jpg 150w, https:\/\/migracao.redenoticia.com.br\/noticia\/imagens\/Mar_de_Amor_SBT_resumo_novela-265x198.jpg 265w\" sizes=\"auto, (max-width: 150px) 100vw, 150px\" \/><strong><em>Novela \u201cMar de Amor\u201d resumo 29\/09<\/em><\/strong>:\u00a0Estrela vai visitar Victor na pris\u00e3o e este pede que ela n\u00e3o volte mais ao local. Ela pensa que o pedido de Victor seja em raz\u00e3o de ele estar apaixonado por Mercedes. Depois, ela fala com Mercedes e a pede que cumpra o que prometeu e se case com Victor Manuel. Mais uma vez, Coral e Oriana brigam. Coral pede a uns policiais que passam em uma patrulha que levem Oriana para a delegacia. Oriana \u00e9 detida e encontra Simona e sua amiga Mariposa em uma cela. <\/p>\n<p>No cap\u00edtulo 099(*), novela \u201cMar de Amor\u201d, quinta-feira, 29 de setembro \u2013 Estrela fala com Mercedes e pede que ela cumpra o que prometeu e se case com Victor Manuel.<\/p>\n<p>Tilico est\u00e1 decidido a n\u00e3o comer, pois pensa que n\u00e3o quer ser adulto e ficar t\u00e3o malvado como sua m\u00e3e ou o juiz que mandou seu \u201cpai\u201d para a pris\u00e3o.<\/p>\n<p>Coral pede a uns policiais que passam em uma patrulha que levem Oriana para a delegacia. Oriana \u00e9 detida e encontra Simona e sua amiga Mariposa em uma cela. Leon est\u00e1 em Praia Escondida para roubar Maria do Mar, a filha de Esperan\u00e7a. Oriana sai da pris\u00e3o, chega \u00e0 casa de Guilhermo e conta o que aconteceu.<\/p>\n<p>(*) edi\u00e7\u00e3o do SBT, Novela \u201cMar de Amor\u201d, sujeito a altera\u00e7\u00e3o de data e conte\u00fado.<\/p>\n","protected":false},"excerpt":{"rendered":"<p>Novela \u201cMar de Amor\u201d resumo 29\/09:\u00a0Estrela vai visitar Victor na pris\u00e3o e este pede que ela n\u00e3o volte mais ao local. Ela pensa que o pedido de Victor seja em raz\u00e3o de ele estar apaixonado por Mercedes. Depois, ela fala com Mercedes e a pede que cumpra o que prometeu e se case com Victor [&hellip;]<\/p>\n","protected":false},"author":4,"featured_media":86321,"comment_status":"open","ping_status":"closed","sticky":false,"template":"","format":"standard","meta":{"tdm_status":"","tdm_grid_status":"","footnotes":""},"categories":[379,372,343],"tags":[441],"class_list":{"0":"post-96244","1":"post","2":"type-post","3":"status-publish","4":"format-standard","5":"has-post-thumbnail","7":"category-novelas","8":"category-sbt","9":"category-televisao","10":"tag-resumo-do-dia"},"_links":{"self":[{"href":"https:\/\/migracao.redenoticia.com.br\/noticia\/wp-json\/wp\/v2\/posts\/96244","targetHints":{"allow":["GET"]}}],"collection":[{"href":"https:\/\/migracao.redenoticia.com.br\/noticia\/wp-json\/wp\/v2\/posts"}],"about":[{"href":"https:\/\/migracao.redenoticia.com.br\/noticia\/wp-json\/wp\/v2\/types\/post"}],"author":[{"embeddable":true,"href":"https:\/\/migracao.redenoticia.com.br\/noticia\/wp-json\/wp\/v2\/users\/4"}],"replies":[{"embeddable":true,"href":"https:\/\/migracao.redenoticia.com.br\/noticia\/wp-json\/wp\/v2\/comments?post=96244"}],"version-history":[{"count":0,"href":"https:\/\/migracao.redenoticia.com.br\/noticia\/wp-json\/wp\/v2\/posts\/96244\/revisions"}],"wp:featuredmedia":[{"embeddable":true,"href":"https:\/\/migracao.redenoticia.com.br\/noticia\/wp-json\/wp\/v2\/media\/86321"}],"wp:attachment":[{"href":"https:\/\/migracao.redenoticia.com.br\/noticia\/wp-json\/wp\/v2\/media?parent=96244"}],"wp:term":[{"taxonomy":"category","embeddable":true,"href":"https:\/\/migracao.redenoticia.com.br\/noticia\/wp-json\/wp\/v2\/categories?post=96244"},{"taxonomy":"post_tag","embeddable":true,"href":"https:\/\/migracao.redenoticia.com.br\/noticia\/wp-json\/wp\/v2\/tags?post=96244"}],"curies":[{"name":"wp","href":"https:\/\/api.w.org\/{rel}","templated":true}]}}