{"id":9625,"date":"2009-08-24T17:08:27","date_gmt":"2009-08-24T21:08:27","guid":{"rendered":"http:\/\/www.redenoticia.com.br\/noticia\/?p=9625"},"modified":"2009-08-24T17:08:27","modified_gmt":"2009-08-24T21:08:27","slug":"previsao-do-tempo-na-regiao-nordeste-de-25-a-2708","status":"publish","type":"post","link":"https:\/\/migracao.redenoticia.com.br\/noticia\/2009\/previsao-do-tempo-na-regiao-nordeste-de-25-a-2708\/9625","title":{"rendered":"Previs\u00e3o do tempo na Regi\u00e3o Nordeste de 25 a 27\/08"},"content":{"rendered":"<p>25\/08\/2009: No leste do RN, da PB e de PE: nublado com chuva localmente forte em alguns per\u00edodos. No SE, em AL, no centro de PE, oeste da PB e do RN: nublado com pancadas de chuva a qualquer hora. No centro-norte do CE, do PI e do MA: sol com varia\u00e7\u00e3o de nuvens e pancadas isoladas. Na faixa central do MA, do PI e no sudoeste do CE: sol com nebulosidade vari\u00e1vel e uma pequena possibilidade de pancadas de chuva. No leste da BA: sol com varia\u00e7\u00e3o de nuvens. Nas demais \u00e1reas da Regi\u00e3o: sol entre poucas nuvens. As temperaturas m\u00e1ximas estar\u00e3o em pequeno decl\u00ednio no nordeste da Regi\u00e3o. Temperatura m\u00e1xima: 37C no centro do PI. Temperatura m\u00ednima: 13C no sul da BA.\u00a0<\/p>\n<p>Tend\u00eancia 26 e 27\/08: No centro-oeste da BA, oeste de PE e no centro-sul do PI: sol entre poucas nuvens. No leste da BA: sol com nebulosidade vari\u00e1vel e uma pequena possibilidade de pancadas de chuva. Nas demais \u00e1reas da Regi\u00e3o: sol com varia\u00e7\u00e3o de nuvens e pancadas isoladas de chuva. As temperaturas estar\u00e3o est\u00e1veis. Nos pr\u00f3ximos dois dias n\u00e3o haver\u00e1 grandes mudan\u00e7as no tempo para os pr\u00f3ximos dois dias.<\/p>\n<p>O Centro de Previs\u00e3o de Tempo e Estudos Clim\u00e1ticos \u2013 CPTEC, do Instituto Nacional de Pesquisas Espaciais \u2013 INPE \u00e9 o passaporte do Brasil para o primeiro mundo das previs\u00f5es meteorol\u00f3gicas. Os supercomputadores vetoriais SX-6 e SX-4 fabricados pela NEC Corporation do Jap\u00e3o, possuem capacidade de processar at\u00e9 768 bilh\u00f5es e 16 bilh\u00f5es de opera\u00e7\u00f5es aritm\u00e9ticas em ponto flutuante por segundo respectivamente. Recentemente adquirido da \u201cNEC Corporation do Jap\u00e3o\u201d um cluster com 1100 processadores fabricado pela \u201cSUN Microsystem\u201d com a capacidade de processar at\u00e9 5.7 trilh\u00f5es de opera\u00e7\u00f5es aritm\u00e9ticas em ponto flutuante por segundo. Isso significa possibilidade de utilizar modelos num\u00e9ricos para simula\u00e7\u00e3o de tempo e clima, integrando informa\u00e7\u00f5es atmosf\u00e9ricas e oce\u00e2nicas. O resultado disso s\u00e3o previs\u00f5es de tempo confi\u00e1veis, para todo o pa\u00eds.\u00a0<\/p>\n<p>CPTEC\/INPE<\/p>\n","protected":false},"excerpt":{"rendered":"<p>25\/08\/2009: No leste do RN, da PB e de PE: nublado com chuva localmente forte em alguns per\u00edodos. No SE, em AL, no centro de PE, oeste da PB e do RN: nublado com pancadas de chuva a qualquer hora. No centro-norte do CE, do PI e do MA: sol com varia\u00e7\u00e3o de nuvens e [&hellip;]<\/p>\n","protected":false},"author":3,"featured_media":0,"comment_status":"open","ping_status":"open","sticky":false,"template":"","format":"standard","meta":{"tdm_status":"","tdm_grid_status":"","footnotes":""},"categories":[22,327],"tags":[],"class_list":{"0":"post-9625","1":"post","2":"type-post","3":"status-publish","4":"format-standard","6":"category-brasil","7":"category-clima"},"_links":{"self":[{"href":"https:\/\/migracao.redenoticia.com.br\/noticia\/wp-json\/wp\/v2\/posts\/9625","targetHints":{"allow":["GET"]}}],"collection":[{"href":"https:\/\/migracao.redenoticia.com.br\/noticia\/wp-json\/wp\/v2\/posts"}],"about":[{"href":"https:\/\/migracao.redenoticia.com.br\/noticia\/wp-json\/wp\/v2\/types\/post"}],"author":[{"embeddable":true,"href":"https:\/\/migracao.redenoticia.com.br\/noticia\/wp-json\/wp\/v2\/users\/3"}],"replies":[{"embeddable":true,"href":"https:\/\/migracao.redenoticia.com.br\/noticia\/wp-json\/wp\/v2\/comments?post=9625"}],"version-history":[{"count":0,"href":"https:\/\/migracao.redenoticia.com.br\/noticia\/wp-json\/wp\/v2\/posts\/9625\/revisions"}],"wp:attachment":[{"href":"https:\/\/migracao.redenoticia.com.br\/noticia\/wp-json\/wp\/v2\/media?parent=9625"}],"wp:term":[{"taxonomy":"category","embeddable":true,"href":"https:\/\/migracao.redenoticia.com.br\/noticia\/wp-json\/wp\/v2\/categories?post=9625"},{"taxonomy":"post_tag","embeddable":true,"href":"https:\/\/migracao.redenoticia.com.br\/noticia\/wp-json\/wp\/v2\/tags?post=9625"}],"curies":[{"name":"wp","href":"https:\/\/api.w.org\/{rel}","templated":true}]}}