{"id":96276,"date":"2016-09-28T16:51:52","date_gmt":"2016-09-28T19:51:52","guid":{"rendered":"http:\/\/www.redenoticia.com.br\/noticia\/?p=96276"},"modified":"2016-09-28T17:33:32","modified_gmt":"2016-09-28T20:33:32","slug":"novela-vidas-em-jogo-resumo-2909-francisco-fica-detido-por-resistencia-a-prisao","status":"publish","type":"post","link":"https:\/\/migracao.redenoticia.com.br\/noticia\/2016\/novela-vidas-em-jogo-resumo-2909-francisco-fica-detido-por-resistencia-a-prisao\/96276","title":{"rendered":"Novela \u201cVidas em Jogo\u201d resumo 29\/09: Francisco fica detido por resist\u00eancia \u00e0 pris\u00e3o"},"content":{"rendered":"<p> <img loading=\"lazy\" decoding=\"async\" class=\"alignleft size-thumbnail wp-image-34838\" src=\"https:\/\/migracao.redenoticia.com.br\/noticia\/imagens\/vidas-em-jogo-resumo-novela-rede-record-capitulos-150x96.jpg\" alt=\"vidas em jogo resumo novela rede record capitulos\" width=\"150\" height=\"96\" srcset=\"https:\/\/migracao.redenoticia.com.br\/noticia\/imagens\/vidas-em-jogo-resumo-novela-rede-record-capitulos-150x96.jpg 150w, https:\/\/migracao.redenoticia.com.br\/noticia\/imagens\/vidas-em-jogo-resumo-novela-rede-record-capitulos-250x161.jpg 250w, https:\/\/migracao.redenoticia.com.br\/noticia\/imagens\/vidas-em-jogo-resumo-novela-rede-record-capitulos.jpg 301w\" sizes=\"auto, (max-width: 150px) 100vw, 150px\" \/><strong><em>Novela \u201cVidas em Jogo\u201d resumo 29\/09<\/em><\/strong>: Regina diz ao grupo que Francisco n\u00e3o trabalha mais em sua casa e que alguns policiais o levaram no dia anterior. Todos v\u00e3o embora e Patr\u00edcia discute com a m\u00e3e por ter chamado a pol\u00edcia. Regina pergunta a Jos\u00e9 se ele \u00e9 amigo de Francisco. Ele confirma e a empres\u00e1ria o demite na mesma hora. Patr\u00edcia conta para Juliana que gosta de Francisco, mas n\u00e3o ficar\u00e1 com ele devido \u00e0 sua condi\u00e7\u00e3o social. Francisco est\u00e1 na delegacia. Ele relata para Guilherme que quase foi morto pelos policiais. O advogado diz que Francisco ficar\u00e1 detido devido a uma suposta resist\u00eancia \u00e0 pris\u00e3o.<\/p>\n<p>No capitulo 009 (*), novela \u201cVidas em Jogo\u201d, quinta-feira, 29 de setembro &#8211; Regina diz ao grupo que Francisco n\u00e3o trabalha mais em sua casa e que alguns policiais o levaram no dia anterior. Todos v\u00e3o embora e Patr\u00edcia discute com a m\u00e3e por ter chamado a pol\u00edcia. Regina pergunta a Jos\u00e9 se ele \u00e9 amigo de Francisco. Ele confirma e a empres\u00e1ria o demite na mesma hora. F\u00e1tima retorna do cart\u00f3rio com Belmiro. Agora que possui o documento em m\u00e3os, ela come\u00e7a a pensar na venda do apartamento de seu pai. Belmiro se irrita com o fato de ser proibido de visitar sua neta. Patr\u00edcia conta para Juliana que gosta de Francisco, mas n\u00e3o ficar\u00e1 com ele devido \u00e0 sua condi\u00e7\u00e3o social. <\/p>\n<p>Francisco est\u00e1 na delegacia. Ele relata para Guilherme que quase foi morto pelos policiais. O advogado diz que Francisco ficar\u00e1 detido devido a uma suposta resist\u00eancia \u00e0 pris\u00e3o. Raimundo comunica \u00e0 sua m\u00e3e que n\u00e3o tem mais tempo de ficar ajudando na confeitaria. Ele mente dizendo que est\u00e1 muito atrasado para o cursinho pr\u00e9-vestibular. Augusta, que ainda n\u00e3o se dirige diretamente ao filho, pede para Vin\u00edcius que o libere. Depois que o rapaz sai, Augusta d\u00e1 uma quantia em dinheiro para Vin\u00edcius e pede que ele siga Raimundo. Regina chega \u00e0 construtora com Maur\u00edcio. Sua secret\u00e1ria avisa que Ivan chegou. O malandro invade a sala e sugere um acordo, que n\u00e3o \u00e9 aceito pela empres\u00e1ria. <\/p>\n<p>Preocupada com o perigo que Rita pode representar, Regina liga para Patr\u00edcia e pede a ela que consiga o telefone da mo\u00e7a. Ao sair do pr\u00e9dio da construtora, Ivan v\u00ea Bet\u00e3o e se inicia uma persegui\u00e7\u00e3o. Patr\u00edcia atende ao pedido de sua m\u00e3e e consegue o n\u00famero. Regina liga para Rita e marca um encontro. Vin\u00edcius segue Raimundo e v\u00ea que ele mentiu. O jovem foi \u00e0 praia com Juliana. Ivan foge para um metr\u00f4 e chega ao final do vag\u00e3o. Rita vai at\u00e9 o apartamento de Regina. A empres\u00e1ria pergunta \u00e0 mo\u00e7a qual \u00e9 seu pre\u00e7o.<\/p>\n<p>(*) edi\u00e7\u00e3o da Rede Record, Novela \u201cVidas em Jogo\u201d, sujeito a altera\u00e7\u00e3o de data e conte\u00fado.<\/p>\n","protected":false},"excerpt":{"rendered":"<p>Novela \u201cVidas em Jogo\u201d resumo 29\/09: Regina diz ao grupo que Francisco n\u00e3o trabalha mais em sua casa e que alguns policiais o levaram no dia anterior. Todos v\u00e3o embora e Patr\u00edcia discute com a m\u00e3e por ter chamado a pol\u00edcia. Regina pergunta a Jos\u00e9 se ele \u00e9 amigo de Francisco. Ele confirma e a [&hellip;]<\/p>\n","protected":false},"author":2,"featured_media":34838,"comment_status":"open","ping_status":"closed","sticky":false,"template":"","format":"standard","meta":{"tdm_status":"","tdm_grid_status":"","footnotes":""},"categories":[379,371,343],"tags":[441],"class_list":{"0":"post-96276","1":"post","2":"type-post","3":"status-publish","4":"format-standard","5":"has-post-thumbnail","7":"category-novelas","8":"category-rede-record","9":"category-televisao","10":"tag-resumo-do-dia"},"_links":{"self":[{"href":"https:\/\/migracao.redenoticia.com.br\/noticia\/wp-json\/wp\/v2\/posts\/96276","targetHints":{"allow":["GET"]}}],"collection":[{"href":"https:\/\/migracao.redenoticia.com.br\/noticia\/wp-json\/wp\/v2\/posts"}],"about":[{"href":"https:\/\/migracao.redenoticia.com.br\/noticia\/wp-json\/wp\/v2\/types\/post"}],"author":[{"embeddable":true,"href":"https:\/\/migracao.redenoticia.com.br\/noticia\/wp-json\/wp\/v2\/users\/2"}],"replies":[{"embeddable":true,"href":"https:\/\/migracao.redenoticia.com.br\/noticia\/wp-json\/wp\/v2\/comments?post=96276"}],"version-history":[{"count":0,"href":"https:\/\/migracao.redenoticia.com.br\/noticia\/wp-json\/wp\/v2\/posts\/96276\/revisions"}],"wp:featuredmedia":[{"embeddable":true,"href":"https:\/\/migracao.redenoticia.com.br\/noticia\/wp-json\/wp\/v2\/media\/34838"}],"wp:attachment":[{"href":"https:\/\/migracao.redenoticia.com.br\/noticia\/wp-json\/wp\/v2\/media?parent=96276"}],"wp:term":[{"taxonomy":"category","embeddable":true,"href":"https:\/\/migracao.redenoticia.com.br\/noticia\/wp-json\/wp\/v2\/categories?post=96276"},{"taxonomy":"post_tag","embeddable":true,"href":"https:\/\/migracao.redenoticia.com.br\/noticia\/wp-json\/wp\/v2\/tags?post=96276"}],"curies":[{"name":"wp","href":"https:\/\/api.w.org\/{rel}","templated":true}]}}