{"id":96311,"date":"2016-09-28T19:07:21","date_gmt":"2016-09-28T22:07:21","guid":{"rendered":"http:\/\/www.redenoticia.com.br\/noticia\/?p=96311"},"modified":"2016-09-28T18:21:36","modified_gmt":"2016-09-28T21:21:36","slug":"novela-sila-resumo-2909-dilaver-encontra-ceren-e-se-declara","status":"publish","type":"post","link":"https:\/\/migracao.redenoticia.com.br\/noticia\/2016\/novela-sila-resumo-2909-dilaver-encontra-ceren-e-se-declara\/96311","title":{"rendered":"Novela \u201cSila\u201d resumo 29\/09: Dilaver encontra Ceren e se declara"},"content":{"rendered":"<p> <img loading=\"lazy\" decoding=\"async\" class=\"alignleft size-thumbnail wp-image-83098\" src=\"https:\/\/migracao.redenoticia.com.br\/noticia\/imagens\/sila_band_novela_resumo_capitulo-150x112.jpg\" alt=\"sila_band_novela_resumo_capitulo\" width=\"150\" height=\"112\" srcset=\"https:\/\/migracao.redenoticia.com.br\/noticia\/imagens\/sila_band_novela_resumo_capitulo-150x112.jpg 150w, https:\/\/migracao.redenoticia.com.br\/noticia\/imagens\/sila_band_novela_resumo_capitulo-265x198.jpg 265w\" sizes=\"auto, (max-width: 150px) 100vw, 150px\" \/><strong><em> Novela \u201cSila\u201d resumo 29\/09<\/em><\/strong>: apaixonados, Dilaver e Ceren se beijam. Ceren convida Dilaver para conhecer a sua fam\u00edlia. Dilaver irradia alegria e aceita o convite. Logo depois, a vil\u00e3 Esma flagra Ceren e Dilaver de m\u00e3os dadas na empresa. Esma conta para Ceren que Dilaver \u00e9 casado e Berzan amea\u00e7a a advogada. Ceren rompe com Dilaver. Dilaver diz ao seu pai que quer o div\u00f3rcio. Alguns dias depois, Dilaver encontra Ceren e se declara emocionado.<\/p>\n<p>No capitulo 154 (*), novela \u201cSila\u201d, quinta-feira, 29 de setembro &#8211; Celil demora a voltar para casa e preocupa a fam\u00edlia. Boran encontra Celil na rua e diz que foi ele quem comprou a casa de Mardin. Sila marca um novo encontro com Esma. Zeinep vai ao escrit\u00f3rio de Boran. O tio de Feride pede desculpas a Boran. Esma vai at\u00e9 a casa de Berzan para juntos armarem um novo plano de vingan\u00e7a. Boran chega em casa com Zeinep e Sila fica bastante incomodada.<\/p>\n<p> Dilaver encontra Ceren e se declara. Abay e Feride est\u00e3o se aproximando cada vez mais. Sila vai embora de casa ap\u00f3s uma discuss\u00e3o com Boran por causa de Zeinep. Bedar avisa os filhos que todos voltar\u00e3o para Mardin e Dilan n\u00e3o gosta.<\/p>\n<p> Esma liga para Berzan no meio da noite e ele se irrita dizendo que n\u00e3o vai mais ajud\u00e1-la. Esma se desespera. Zeliha volta para Mardin com os pais de Boran. Abay tenta falar com Boran sobre o que aconteceu com Sila e os dois discutem seriamente. Boran liga para Zeinep e marca um encontro com ela. Esma se recusa a tomar seus rem\u00e9dios e fica cada dia pior.<\/p>\n<p>(*) edi\u00e7\u00e3o da Band, Novela \u201cSila\u201d, sujeito a altera\u00e7\u00e3o de data e conte\u00fado.<\/p>\n","protected":false},"excerpt":{"rendered":"<p>Novela \u201cSila\u201d resumo 29\/09: apaixonados, Dilaver e Ceren se beijam. Ceren convida Dilaver para conhecer a sua fam\u00edlia. Dilaver irradia alegria e aceita o convite. Logo depois, a vil\u00e3 Esma flagra Ceren e Dilaver de m\u00e3os dadas na empresa. Esma conta para Ceren que Dilaver \u00e9 casado e Berzan amea\u00e7a a advogada. Ceren rompe com [&hellip;]<\/p>\n","protected":false},"author":2,"featured_media":83098,"comment_status":"open","ping_status":"closed","sticky":false,"template":"","format":"standard","meta":{"tdm_status":"","tdm_grid_status":"","footnotes":""},"categories":[390,379,343],"tags":[441],"class_list":{"0":"post-96311","1":"post","2":"type-post","3":"status-publish","4":"format-standard","5":"has-post-thumbnail","7":"category-band","8":"category-novelas","9":"category-televisao","10":"tag-resumo-do-dia"},"_links":{"self":[{"href":"https:\/\/migracao.redenoticia.com.br\/noticia\/wp-json\/wp\/v2\/posts\/96311","targetHints":{"allow":["GET"]}}],"collection":[{"href":"https:\/\/migracao.redenoticia.com.br\/noticia\/wp-json\/wp\/v2\/posts"}],"about":[{"href":"https:\/\/migracao.redenoticia.com.br\/noticia\/wp-json\/wp\/v2\/types\/post"}],"author":[{"embeddable":true,"href":"https:\/\/migracao.redenoticia.com.br\/noticia\/wp-json\/wp\/v2\/users\/2"}],"replies":[{"embeddable":true,"href":"https:\/\/migracao.redenoticia.com.br\/noticia\/wp-json\/wp\/v2\/comments?post=96311"}],"version-history":[{"count":0,"href":"https:\/\/migracao.redenoticia.com.br\/noticia\/wp-json\/wp\/v2\/posts\/96311\/revisions"}],"wp:featuredmedia":[{"embeddable":true,"href":"https:\/\/migracao.redenoticia.com.br\/noticia\/wp-json\/wp\/v2\/media\/83098"}],"wp:attachment":[{"href":"https:\/\/migracao.redenoticia.com.br\/noticia\/wp-json\/wp\/v2\/media?parent=96311"}],"wp:term":[{"taxonomy":"category","embeddable":true,"href":"https:\/\/migracao.redenoticia.com.br\/noticia\/wp-json\/wp\/v2\/categories?post=96311"},{"taxonomy":"post_tag","embeddable":true,"href":"https:\/\/migracao.redenoticia.com.br\/noticia\/wp-json\/wp\/v2\/tags?post=96311"}],"curies":[{"name":"wp","href":"https:\/\/api.w.org\/{rel}","templated":true}]}}