{"id":9635,"date":"2009-08-24T18:01:32","date_gmt":"2009-08-24T22:01:32","guid":{"rendered":"http:\/\/www.redenoticia.com.br\/noticia\/?p=9635"},"modified":"2009-08-24T18:01:32","modified_gmt":"2009-08-24T22:01:32","slug":"rede-record-exibe-alimentos-que-ajudam-na-beleza","status":"publish","type":"post","link":"https:\/\/migracao.redenoticia.com.br\/noticia\/2009\/rede-record-exibe-alimentos-que-ajudam-na-beleza\/9635","title":{"rendered":"Rede Record exibe alimentos que ajudam na beleza"},"content":{"rendered":"<p>Na noite desta segunda-feira (24\/08) o jornal\u00edstico da Rede Record, apresentado por Celso Freitas e Ana Paula Padr\u00e3o, inicia a exibi\u00e7\u00e3o da nova s\u00e9rie de reportagens especiais: &#8220;A Dieta da Beleza&#8221;. A s\u00e9rie, que vai ao ar pela Rede Record at\u00e9 o pr\u00f3ximo s\u00e1bado (29), revela quais s\u00e3o os alimentos que podem melhorar a pele, o cabelo e ajudar no bem estar geral da pessoa.<\/p>\n<p>Acompanhados de profissionais especializados, os rep\u00f3rteres do Jornal da Rede Record visitaram algumas feiras livres, cl\u00ednicas de tratamento e supermercados para descobrir qual \u00e9 a dieta da beleza. Quem escolhe frutas e verduras certas na feira consegue transformar o corpo com pequenas mudan\u00e7as de h\u00e1bito.<\/p>\n<p>As vitaminas, as fibras, os amino\u00e1cidos s\u00e3o alimentos aliados fundamentais para quem quer diminuir a barriga e at\u00e9 controlar a celulite. A nova s\u00e9rie do Jornal da Rede Record revela ainda quais s\u00e3o os alimentos que evitam as doen\u00e7as do cora\u00e7\u00e3o e Alzheimer.\u00a0O Jornal da Rede Record vai ao ar de segunda a sexta-feira, \u00e0s 19h45, e aos s\u00e1bados, \u00e0s 20h30.<\/p>\n<p>\u00a0Outros destaques da Rede Record<\/p>\n<p>Segunda-feira, 24\/08, 23h45 CSI NY &#8211; 2\u00aa temporada Rede Record<br \/>\nGuerreiros de Escrit\u00f3rio &#8211; Mac e sua equipe investigam um assassinato duplo em uma f\u00e1brica de \u00f3leo. Dr. Hawkes e o detetive Flack investigam o caso de um adolescente que passava a maior parte do tempo em frente o computador.<\/p>\n<p>Ter\u00e7a -feira, 25\/08, 00h15 CSI Miami &#8211; 4\u00aa temporada Rede Record<\/p>\n<p>As Turistas &#8211; Os CSIs procuram por uma garota de 18 anos, que foi viajar para Miami e seu passeio acabou se tornando um pesadelo.<\/p>\n<p>Quarta-feira, 26\/08, 00h15 House &#8211; 3\u00aa temporada Rede Record<br \/>\nO amor \u00e9 cego &#8211; House cuida do caso de uma jovem que foi levada \u00e0s pressas ao hospital sem conseguir respirar e muita dor de est\u00f4mago. Ela ficou nesse estado ap\u00f3s ela e seu marido terem sido roubados. O marido acaba desmaiando e a equipe de m\u00e9dicos acredita que a doen\u00e7a dos dois est\u00e1 relacionada. Enquanto isso outro problema aparece para House, um outro paciente lhe causa transtornos.\u00a0\u00a0\u00a0<\/p>\n<p>Fonte Rede Record<\/p>\n","protected":false},"excerpt":{"rendered":"<p>Na noite desta segunda-feira (24\/08) o jornal\u00edstico da Rede Record, apresentado por Celso Freitas e Ana Paula Padr\u00e3o, inicia a exibi\u00e7\u00e3o da nova s\u00e9rie de reportagens especiais: &#8220;A Dieta da Beleza&#8221;. A s\u00e9rie, que vai ao ar pela Rede Record at\u00e9 o pr\u00f3ximo s\u00e1bado (29), revela quais s\u00e3o os alimentos que podem melhorar a pele, [&hellip;]<\/p>\n","protected":false},"author":3,"featured_media":0,"comment_status":"open","ping_status":"open","sticky":false,"template":"","format":"standard","meta":{"tdm_status":"","tdm_grid_status":"","footnotes":""},"categories":[22,343],"tags":[],"class_list":{"0":"post-9635","1":"post","2":"type-post","3":"status-publish","4":"format-standard","6":"category-brasil","7":"category-televisao"},"_links":{"self":[{"href":"https:\/\/migracao.redenoticia.com.br\/noticia\/wp-json\/wp\/v2\/posts\/9635","targetHints":{"allow":["GET"]}}],"collection":[{"href":"https:\/\/migracao.redenoticia.com.br\/noticia\/wp-json\/wp\/v2\/posts"}],"about":[{"href":"https:\/\/migracao.redenoticia.com.br\/noticia\/wp-json\/wp\/v2\/types\/post"}],"author":[{"embeddable":true,"href":"https:\/\/migracao.redenoticia.com.br\/noticia\/wp-json\/wp\/v2\/users\/3"}],"replies":[{"embeddable":true,"href":"https:\/\/migracao.redenoticia.com.br\/noticia\/wp-json\/wp\/v2\/comments?post=9635"}],"version-history":[{"count":0,"href":"https:\/\/migracao.redenoticia.com.br\/noticia\/wp-json\/wp\/v2\/posts\/9635\/revisions"}],"wp:attachment":[{"href":"https:\/\/migracao.redenoticia.com.br\/noticia\/wp-json\/wp\/v2\/media?parent=9635"}],"wp:term":[{"taxonomy":"category","embeddable":true,"href":"https:\/\/migracao.redenoticia.com.br\/noticia\/wp-json\/wp\/v2\/categories?post=9635"},{"taxonomy":"post_tag","embeddable":true,"href":"https:\/\/migracao.redenoticia.com.br\/noticia\/wp-json\/wp\/v2\/tags?post=9635"}],"curies":[{"name":"wp","href":"https:\/\/api.w.org\/{rel}","templated":true}]}}