{"id":9652,"date":"2009-08-24T21:39:16","date_gmt":"2009-08-25T01:39:16","guid":{"rendered":"http:\/\/www.redenoticia.com.br\/noticia\/?p=9652"},"modified":"2009-08-24T21:39:16","modified_gmt":"2009-08-25T01:39:16","slug":"fator-previdenciario-e-reajuste-da-aposentadoria-foram-discutidos-hoje-2408-em-brasilia","status":"publish","type":"post","link":"https:\/\/migracao.redenoticia.com.br\/noticia\/2009\/fator-previdenciario-e-reajuste-da-aposentadoria-foram-discutidos-hoje-2408-em-brasilia\/9652","title":{"rendered":"Fator Previdenci\u00e1rio e Reajuste da Aposentadoria foram discutidos hoje (24\/08) em Bras\u00edlia"},"content":{"rendered":"<p>A reuni\u00e3o que tratou do reajuste aos aposentados que ganham acima da infla\u00e7\u00e3o e de outros temas relacionados \u00e0 Previd\u00eancia, realizada nesta segunda-feira na sede do Centro Cultural Banco do Brasil (CCBB) em Bras\u00edlia, apresentou avan\u00e7os em rela\u00e7\u00e3o ao \u00faltimo encontro. Uma nova rodada de negocia\u00e7\u00f5es, acordada entre as centrais e o Governo, ocorre nesta ter\u00e7a-feira, 25 de agosto, \u00e0s 18h. Relator do projeto substitutivo ao Fator Previdenci\u00e1rio, o deputado federal Pepe Vargas (PT\/RS) participou do encontro e manifestou apoio \u00e0 nova reivindica\u00e7\u00e3o dos representantes das centrais.<\/p>\n<p>\u00a0\u201cEssa nova proposta leva em conta o per\u00edodo de aviso pr\u00e9vio e o per\u00edodo que o trabalhador recebe o seguro desemprego, como tempo de contribui\u00e7\u00e3o. Eu defendo esta proposta que traz benef\u00edcios aos trabalhadores em geral\u201c, afirmou.<\/p>\n<p>As centrais tamb\u00e9m solicitaram que as negocia\u00e7\u00f5es definam o reajuste acima da infla\u00e7\u00e3o para 2010 e tamb\u00e9m para 2011. O Governo concordou em conceder reajuste linear, ou seja, o mesmo percentual para todas as faixas salariais acima do sal\u00e1rio m\u00ednimo. As centrais e o Governo concordam que o Projeto de Lei 4434\/08, de autoria do Senador Paulo Paim (PT\/RS), que prev\u00ea a recupera\u00e7\u00e3o do n\u00famero de sal\u00e1rios m\u00ednimos recebidos na data da concess\u00e3o da aposentadoria, continue em tramita\u00e7\u00e3o.<\/p>\n<p>Al\u00e9m do deputado federal Pepe Vargas, participaram da reuni\u00e3o os ministros Luiz Dulci (Secretaria-Geral) e Jos\u00e9 Pimentel (Previd\u00eancia), o l\u00edder do governo na C\u00e2mara deputado Henrique Fontana (PT-RS), representantes da Confedera\u00e7\u00e3o Brasileira dos Aposentados e Pensionistas \u2013 Cobap, da Central \u00danica dos Trabalhadores( CUT), For\u00e7a Sindical, Central Geral dos Trabalhadores do Brasil (CGTB), Central dos Trabalhadores e Trabalhadoras do Brasil (CTB), da Nova Central Sindical dos Trabalhadores (NSCT) e da Uni\u00e3o Geral dos Trabalhadores (UGT).<\/p>\n<p>\u00a0<\/p>\n<p>Assessoria Pepe Vargas<\/p>\n","protected":false},"excerpt":{"rendered":"<p>A reuni\u00e3o que tratou do reajuste aos aposentados que ganham acima da infla\u00e7\u00e3o e de outros temas relacionados \u00e0 Previd\u00eancia, realizada nesta segunda-feira na sede do Centro Cultural Banco do Brasil (CCBB) em Bras\u00edlia, apresentou avan\u00e7os em rela\u00e7\u00e3o ao \u00faltimo encontro. Uma nova rodada de negocia\u00e7\u00f5es, acordada entre as centrais e o Governo, ocorre nesta [&hellip;]<\/p>\n","protected":false},"author":3,"featured_media":0,"comment_status":"open","ping_status":"open","sticky":false,"template":"","format":"standard","meta":{"tdm_status":"","tdm_grid_status":"","footnotes":""},"categories":[22,7],"tags":[],"class_list":{"0":"post-9652","1":"post","2":"type-post","3":"status-publish","4":"format-standard","6":"category-brasil","7":"category-economia"},"_links":{"self":[{"href":"https:\/\/migracao.redenoticia.com.br\/noticia\/wp-json\/wp\/v2\/posts\/9652","targetHints":{"allow":["GET"]}}],"collection":[{"href":"https:\/\/migracao.redenoticia.com.br\/noticia\/wp-json\/wp\/v2\/posts"}],"about":[{"href":"https:\/\/migracao.redenoticia.com.br\/noticia\/wp-json\/wp\/v2\/types\/post"}],"author":[{"embeddable":true,"href":"https:\/\/migracao.redenoticia.com.br\/noticia\/wp-json\/wp\/v2\/users\/3"}],"replies":[{"embeddable":true,"href":"https:\/\/migracao.redenoticia.com.br\/noticia\/wp-json\/wp\/v2\/comments?post=9652"}],"version-history":[{"count":0,"href":"https:\/\/migracao.redenoticia.com.br\/noticia\/wp-json\/wp\/v2\/posts\/9652\/revisions"}],"wp:attachment":[{"href":"https:\/\/migracao.redenoticia.com.br\/noticia\/wp-json\/wp\/v2\/media?parent=9652"}],"wp:term":[{"taxonomy":"category","embeddable":true,"href":"https:\/\/migracao.redenoticia.com.br\/noticia\/wp-json\/wp\/v2\/categories?post=9652"},{"taxonomy":"post_tag","embeddable":true,"href":"https:\/\/migracao.redenoticia.com.br\/noticia\/wp-json\/wp\/v2\/tags?post=9652"}],"curies":[{"name":"wp","href":"https:\/\/api.w.org\/{rel}","templated":true}]}}