{"id":9654,"date":"2009-08-25T13:30:48","date_gmt":"2009-08-25T17:30:48","guid":{"rendered":"http:\/\/www.redenoticia.com.br\/noticia\/?p=9654"},"modified":"2009-08-25T13:30:48","modified_gmt":"2009-08-25T17:30:48","slug":"festival-casarao-em-rondonia-tera-seminarios-e-workshop","status":"publish","type":"post","link":"https:\/\/migracao.redenoticia.com.br\/noticia\/2009\/festival-casarao-em-rondonia-tera-seminarios-e-workshop\/9654","title":{"rendered":"Festival Casar\u00e3o em Rond\u00f4nia ter\u00e1  semin\u00e1rios e workshop"},"content":{"rendered":"<p>J\u00e1\u00a0come\u00e7ou a ser divulgada a programa\u00e7\u00e3o para o IV Semin\u00e1rio de Cultura, Hist\u00f3ria e Rock na Floresta, que faz parte da grade de programa\u00e7\u00e3o do Festival Casar\u00e3o 10 anos, em Rond\u00f4nia. O Festival Casar\u00e3o que comemora sua d\u00e9cima edi\u00e7\u00e3o come\u00e7a sua programa\u00e7\u00e3o na quarta-feira (02) com a Pr\u00e9via do Casar\u00e3o, que acontece no Antiquarius Pub com as bandas Cerva Gr\u00e1tis (PB), Ultimato (RO) e Ap12 (RO). Na quinta-feira (03), acontece no audit\u00f3rio da Faculdade S\u00e3o Lucas o \u201cEspecial Casar\u00e3o \u2013 Sempre Um Papo\u201d, com a banda Pato Fu e logo depois no Piratas Pub, acontece a segunda parte da Pr\u00e9via do Casar\u00e3o com as bandas Johny Rockstar (PA), Bicho Du Lodo (RO) e Trap (RO).<\/p>\n<p>Na sexta-feira (04), a programa\u00e7\u00e3o do Festival Casar\u00e3o come\u00e7a\u00a0\u00e0s 14h, na Biblioteca Municipal com um semin\u00e1rio sobre o Circuito Fora do Eixo com Pablo Capil\u00e9\u00a0(Festival Calango) e com Talles Lopes (Festival Jambolada). As 16h30, um semin\u00e1rio com o tema \u201cAssociando-se na M\u00fasica: Casas e Abrafin\u201d, trar\u00e1 o Presidente da Casas Associadas, Claudi\u00e3o Pilha e o diretor institucional da Abrafin, Aluizer Malab.<\/p>\n<p>No s\u00e1bado (05), \u00e0s 10h, na Unir, acontece um workshop com o tema \u201cComo fazer um v\u00eddeo independente\u201d, com o cinegrafista Orlando Lima, do canal Amazon Sat e as 14h30, acontece uma mesa redonda sobre o \u201cCircuito Rondoniense de M\u00fasica Independente\u201d em um encontro dos Coletivos de Rond\u00f4nia (Raio Q U Parta, Interior Alternativo e Vilhena Rock). O organizador do evento, Vinicius Silva Lemos, falou sobre a programa\u00e7\u00e3o: \u201cO nosso principal objetivo \u00e9 discutir sobre cultura, discutirmos sobre o futuro da musica. Uma manifesta\u00e7\u00e3o cultural igual o Festival Casar\u00e3o tem que ir al\u00e9m da simples forma de transmiss\u00e3o cultural pelo show. Temos que pensar em debates e na pol\u00edtica da cultura. Devemos estar ligados na economia da cultura e como fazer para melhorarmos isso e o estado e a cidade mostram que esses debates acabam sendo at\u00e9 mais importantes que os shows em si\u201d, disse Vinicius.\u00a0<\/p>\n<p>PASSAPORTE &#8211; As atra\u00e7\u00f5es do Festival Casar\u00e3o se apresentar\u00e3o nos dias 04,05 e 06 de setembro, a partir das 19 horas, no Clube Mirante 2 e Meio. Os passaportes para participar do Festival Casar\u00e3o e dos semin\u00e1rios est\u00e3o a venda nas lojas Tutto Bello, Discolandia e Capri Bijouteria, podendo ser adquiridos no valor de R$ 60 reais, dando direito \u00e0 participa\u00e7\u00e3o em todos os semin\u00e1rios e a toda programa\u00e7\u00e3o do final de semana.\u00a0<\/p>\n<p>\u00a0<\/p>\n<p>Mari Camata<\/p>\n","protected":false},"excerpt":{"rendered":"<p>J\u00e1\u00a0come\u00e7ou a ser divulgada a programa\u00e7\u00e3o para o IV Semin\u00e1rio de Cultura, Hist\u00f3ria e Rock na Floresta, que faz parte da grade de programa\u00e7\u00e3o do Festival Casar\u00e3o 10 anos, em Rond\u00f4nia. O Festival Casar\u00e3o que comemora sua d\u00e9cima edi\u00e7\u00e3o come\u00e7a sua programa\u00e7\u00e3o na quarta-feira (02) com a Pr\u00e9via do Casar\u00e3o, que acontece no Antiquarius Pub [&hellip;]<\/p>\n","protected":false},"author":3,"featured_media":0,"comment_status":"open","ping_status":"open","sticky":false,"template":"","format":"standard","meta":{"tdm_status":"","tdm_grid_status":"","footnotes":""},"categories":[22],"tags":[],"class_list":{"0":"post-9654","1":"post","2":"type-post","3":"status-publish","4":"format-standard","6":"category-brasil"},"_links":{"self":[{"href":"https:\/\/migracao.redenoticia.com.br\/noticia\/wp-json\/wp\/v2\/posts\/9654","targetHints":{"allow":["GET"]}}],"collection":[{"href":"https:\/\/migracao.redenoticia.com.br\/noticia\/wp-json\/wp\/v2\/posts"}],"about":[{"href":"https:\/\/migracao.redenoticia.com.br\/noticia\/wp-json\/wp\/v2\/types\/post"}],"author":[{"embeddable":true,"href":"https:\/\/migracao.redenoticia.com.br\/noticia\/wp-json\/wp\/v2\/users\/3"}],"replies":[{"embeddable":true,"href":"https:\/\/migracao.redenoticia.com.br\/noticia\/wp-json\/wp\/v2\/comments?post=9654"}],"version-history":[{"count":0,"href":"https:\/\/migracao.redenoticia.com.br\/noticia\/wp-json\/wp\/v2\/posts\/9654\/revisions"}],"wp:attachment":[{"href":"https:\/\/migracao.redenoticia.com.br\/noticia\/wp-json\/wp\/v2\/media?parent=9654"}],"wp:term":[{"taxonomy":"category","embeddable":true,"href":"https:\/\/migracao.redenoticia.com.br\/noticia\/wp-json\/wp\/v2\/categories?post=9654"},{"taxonomy":"post_tag","embeddable":true,"href":"https:\/\/migracao.redenoticia.com.br\/noticia\/wp-json\/wp\/v2\/tags?post=9654"}],"curies":[{"name":"wp","href":"https:\/\/api.w.org\/{rel}","templated":true}]}}