{"id":9656,"date":"2009-08-25T13:34:57","date_gmt":"2009-08-25T17:34:57","guid":{"rendered":"http:\/\/www.redenoticia.com.br\/noticia\/?p=9656"},"modified":"2009-08-25T13:34:57","modified_gmt":"2009-08-25T17:34:57","slug":"informe-legislativo-da-27%c2%aa-sessao-ordinaria-de-ji-parana","status":"publish","type":"post","link":"https:\/\/migracao.redenoticia.com.br\/noticia\/2009\/informe-legislativo-da-27%c2%aa-sessao-ordinaria-de-ji-parana\/9656","title":{"rendered":"Informe Legislativo da 27\u00aa Sess\u00e3o Ordin\u00e1ria de Ji-Paran\u00e1"},"content":{"rendered":"<p>Atendendo ao requerimento postulado pela vereadora M\u00e1rcia Regina (PT) a 27\u00aa Sess\u00e3o Ordin\u00e1ria do Poder Legislativo de Ji-Paran\u00e1, Rond\u00f4nia, prestou homenagem aos feirantes e ao soldado, que comemoram data alusiva a suas atividades nesta semana. Com tal finalidade fizeram parte da Mesa que conduziu os trabalhos na Sess\u00e3o, o Tenente Coronel Marion e o presidente da Associa\u00e7\u00e3o de Feirantes que atuam no Feir\u00e3o do Produtor, Osmar ribeiro da Silva. Ao fazer uso da palavra, Tenente Marion, agradeceu o empenho de todos os militares que tem a dif\u00edcil miss\u00e3o de dar prote\u00e7\u00e3o a sociedade. \u201cNossa principal atividade di\u00e1ria \u00e9 servir a sociedade e defend\u00ea-la, mesmo que isso implique em risco a nossas vidas\u201d, concluiu Marion ao parabenizar o trabalho desenvolvido junto a sociedade.\u00a0<\/p>\n<p>Melhor Estrutura<\/p>\n<p>O presidente da associa\u00e7\u00e3o do feirante, Osmar Ribeiro, aproveitou a tribuna para cobrar melhorias nas instala\u00e7\u00f5es do Feir\u00e3o do Produtor. Osmar lembrou que uma das reivindica\u00e7\u00f5es dos feirantes \u00e9 a transfer\u00eancia do hor\u00e1rio de funcionamento do Feir\u00e3o para o per\u00edodo da noite. Um abaixo assinado com mais de 90 assinaturas foi encaminhado a prefeitura municipal e a secret\u00e1ria de agricultura solicitando a mudan\u00e7a. Osmar finalizou pedindo apoio aos vereadores.\u00a0<\/p>\n<p>Profiss\u00f5es<\/p>\n<p>A vereadora M\u00e1rcia Regina ressaltou em seu discurso a grandeza das duas profiss\u00f5es e a import\u00e2ncia deste trabalho para a sociedade. Os feirantes por garantir alimentos de qualidade e os soldados por garantir a seguran\u00e7a da popula\u00e7\u00e3o. M\u00e1rcia ressaltou ainda que h\u00e1 muito tempo a atua\u00e7\u00e3o militar vem se transformando para ficar mais humanit\u00e1ria e menos punitiva, com a implanta\u00e7\u00e3o de\u00a0 filosofia da policia comunit\u00e1ria. \u201cA o trabalho militar tem conseguido ficar mais pr\u00f3ximo da sociedade, sem perder a ess\u00eancia do trabalho ostensivo\u201d, salientou a vereadora. Quanto a situa\u00e7\u00e3o do Feir\u00e3o do Produtor a vereadora se comprometeu em realizar uma visita ao local para verificar a situa\u00e7\u00e3o de melhorias. Tamb\u00e9m utilizaram a tribuna para homenagear os Soldados e feirantes os vereadores Enivaldo Soares, Marcos Rog\u00e9rio, Solange Pereira, Klecius Modesto.\u00a0<\/p>\n<p>Reconhecimento<\/p>\n<p>Os vereadores Solange Pereira e Marcos Rog\u00e9rio utilizaram a palavra para enaltecer\u00a0 atua\u00e7\u00e3o parlamentar do Senador da Rep\u00fablica Valdir Raupp e da Deputada Federal Marinha Raupp. Os vereadores ressaltaram que visitaram diversas obras em Ji-Paran\u00e1 que est\u00e3o em andamento por meio de emendas dos dois parlamentares. Os vereadores citaram como exemplo o asfaltamento da Rua 31 de mar\u00e7o, duplica\u00e7\u00e3o da Rua 22 de novembro, que j\u00e1 est\u00e1 conclu\u00edda; a constru\u00e7\u00e3o de uma quadra no Projeto Sonho Meu, da Funda\u00e7\u00e3o Ji-Cred e a obra de alargamento da ponte sobre o Rio Machado.\u00a0<\/p>\n<p>Projetos aprovados<\/p>\n<p>01 &#8211; Projeto de Lei n\u00ba. 2349\/2009 (1749 de origem) que \u201cAutoriza o Poder Executivo Municipal a celebrar conv\u00eanio com para repasse de recursos financeiros destinados \u00e0 APEFAIJIP &#8211; Associa\u00e7\u00e3o Promocional da Escola Fam\u00edlia Agr\u00edcola Itapirema de Ji-Paran\u00e1, e d\u00e1 outras provid\u00eancias.\u201d\u00a0 (Conv\u00eanio para repasse de R$ 30 mil em duas parcelas. O Projeto foi aprovado por dez votos favor\u00e1veis e uma aus\u00eancia).\u00a0<\/p>\n<p>02 &#8211; Projeto de Lei n\u00ba. 2350\/2009 (1750 de origem) que \u201cAutoriza o Poder Executivo Municipal a abrir Cr\u00e9dito Adicional Especial no corrente exerc\u00edcio financeiro, e d\u00e1 outras provid\u00eancias.\u201d (Credito adicional de R$ 50 mil para investimentos em Creches Municipais. Projeto aprovado por dez votos favor\u00e1veis e uma aus\u00eancia).\u00a0<\/p>\n<p>03 &#8211; Projeto de Lei n\u00ba. 2355\/2009 (1754 de origem) que \u201cAutoriza o Poder Executivo Municipal a celebrar conv\u00eanio para repasse de recursos financeiros \u00e0 Diocese de Ji-Paran\u00e1, e d\u00e1 outras provid\u00eancias.\u201d (Conv\u00eanio para repasse de R$ 5 mil, parcela \u00fanica. O Projeto foi aprovado por dez votos favor\u00e1veis e uma aus\u00eancia).<\/p>\n","protected":false},"excerpt":{"rendered":"<p>Atendendo ao requerimento postulado pela vereadora M\u00e1rcia Regina (PT) a 27\u00aa Sess\u00e3o Ordin\u00e1ria do Poder Legislativo de Ji-Paran\u00e1, Rond\u00f4nia, prestou homenagem aos feirantes e ao soldado, que comemoram data alusiva a suas atividades nesta semana. Com tal finalidade fizeram parte da Mesa que conduziu os trabalhos na Sess\u00e3o, o Tenente Coronel Marion e o presidente [&hellip;]<\/p>\n","protected":false},"author":3,"featured_media":0,"comment_status":"open","ping_status":"open","sticky":false,"template":"","format":"standard","meta":{"tdm_status":"","tdm_grid_status":"","footnotes":""},"categories":[22],"tags":[],"class_list":{"0":"post-9656","1":"post","2":"type-post","3":"status-publish","4":"format-standard","6":"category-brasil"},"_links":{"self":[{"href":"https:\/\/migracao.redenoticia.com.br\/noticia\/wp-json\/wp\/v2\/posts\/9656","targetHints":{"allow":["GET"]}}],"collection":[{"href":"https:\/\/migracao.redenoticia.com.br\/noticia\/wp-json\/wp\/v2\/posts"}],"about":[{"href":"https:\/\/migracao.redenoticia.com.br\/noticia\/wp-json\/wp\/v2\/types\/post"}],"author":[{"embeddable":true,"href":"https:\/\/migracao.redenoticia.com.br\/noticia\/wp-json\/wp\/v2\/users\/3"}],"replies":[{"embeddable":true,"href":"https:\/\/migracao.redenoticia.com.br\/noticia\/wp-json\/wp\/v2\/comments?post=9656"}],"version-history":[{"count":0,"href":"https:\/\/migracao.redenoticia.com.br\/noticia\/wp-json\/wp\/v2\/posts\/9656\/revisions"}],"wp:attachment":[{"href":"https:\/\/migracao.redenoticia.com.br\/noticia\/wp-json\/wp\/v2\/media?parent=9656"}],"wp:term":[{"taxonomy":"category","embeddable":true,"href":"https:\/\/migracao.redenoticia.com.br\/noticia\/wp-json\/wp\/v2\/categories?post=9656"},{"taxonomy":"post_tag","embeddable":true,"href":"https:\/\/migracao.redenoticia.com.br\/noticia\/wp-json\/wp\/v2\/tags?post=9656"}],"curies":[{"name":"wp","href":"https:\/\/api.w.org\/{rel}","templated":true}]}}