{"id":9660,"date":"2009-08-25T13:43:44","date_gmt":"2009-08-25T17:43:44","guid":{"rendered":"http:\/\/www.redenoticia.com.br\/noticia\/?p=9660"},"modified":"2009-08-25T13:43:44","modified_gmt":"2009-08-25T17:43:44","slug":"gripe-influenza-a-h1n1-adia-desfile-de-7-de-setembro-em-ji-parana","status":"publish","type":"post","link":"https:\/\/migracao.redenoticia.com.br\/noticia\/2009\/gripe-influenza-a-h1n1-adia-desfile-de-7-de-setembro-em-ji-parana\/9660","title":{"rendered":"Gripe Influenza A H1N1 adia desfile de 7 de setembro em Ji-Paran\u00e1"},"content":{"rendered":"<p>Na noite da \u00faltima segunda-feira (24), aconteceu mais uma reuni\u00e3o na Secretaria Municipal de Educa\u00e7\u00e3o (Semed) de Ji-Paran\u00e1, Rond\u00f4nia, com a presen\u00e7a do Secret\u00e1rio Municipal de Educa\u00e7\u00e3o Vanderley Nunes, a Presidente da Comiss\u00e3o Organizadora do Desfile de 7 de Setembro, Alexandra Ortiz Shumaher (Semed), regentes de Fanfarras e os membros da Comiss\u00e3o Organizadora das Festividades alusivas \u00e0 Semana da P\u00e1tria. Na ocasi\u00e3o ficou definido que n\u00e3o haver\u00e1 o desfile de 7 de Setembro, devido ao v\u00edrus Gripe Influenza A H1N1<\/p>\n<p>De acordo com o Secret\u00e1rio de Educa\u00e7\u00e3o, Vanderley Nunes, \u00e9 um risco que a SEMED pode evitar, at\u00e9 porque mais de 10 mil pessoas estariam participando e assistindo o desfile, e o melhor que a secret\u00e1ria pode fazer \u00e9 prevenir a Gripe Influenza A H1N1, adiando o desfile.<\/p>\n<p>O Secret\u00e1rio sugeriu que o evento seja realizado junto com o anivers\u00e1rio da cidade no dia 22 de Novembro, e todas as escolas e fanfarras ser\u00e3o convidadas para desfilar. A Comiss\u00e3o Organizadora das Festividades alusivas \u00e0\u00a0Semana da P\u00e1tria acatou a id\u00e9ia, pois \u00e9 uma forma de n\u00e3o abusarmos do risco de contamina\u00e7\u00e3o dessa doen\u00e7a, Gripe Influenza A H1N1, at\u00e9 porque queremos evitar o pior para Ji-Paran\u00e1.<\/p>\n","protected":false},"excerpt":{"rendered":"<p>Na noite da \u00faltima segunda-feira (24), aconteceu mais uma reuni\u00e3o na Secretaria Municipal de Educa\u00e7\u00e3o (Semed) de Ji-Paran\u00e1, Rond\u00f4nia, com a presen\u00e7a do Secret\u00e1rio Municipal de Educa\u00e7\u00e3o Vanderley Nunes, a Presidente da Comiss\u00e3o Organizadora do Desfile de 7 de Setembro, Alexandra Ortiz Shumaher (Semed), regentes de Fanfarras e os membros da Comiss\u00e3o Organizadora das Festividades [&hellip;]<\/p>\n","protected":false},"author":3,"featured_media":0,"comment_status":"open","ping_status":"open","sticky":false,"template":"","format":"standard","meta":{"tdm_status":"","tdm_grid_status":"","footnotes":""},"categories":[22],"tags":[],"class_list":{"0":"post-9660","1":"post","2":"type-post","3":"status-publish","4":"format-standard","6":"category-brasil"},"_links":{"self":[{"href":"https:\/\/migracao.redenoticia.com.br\/noticia\/wp-json\/wp\/v2\/posts\/9660","targetHints":{"allow":["GET"]}}],"collection":[{"href":"https:\/\/migracao.redenoticia.com.br\/noticia\/wp-json\/wp\/v2\/posts"}],"about":[{"href":"https:\/\/migracao.redenoticia.com.br\/noticia\/wp-json\/wp\/v2\/types\/post"}],"author":[{"embeddable":true,"href":"https:\/\/migracao.redenoticia.com.br\/noticia\/wp-json\/wp\/v2\/users\/3"}],"replies":[{"embeddable":true,"href":"https:\/\/migracao.redenoticia.com.br\/noticia\/wp-json\/wp\/v2\/comments?post=9660"}],"version-history":[{"count":0,"href":"https:\/\/migracao.redenoticia.com.br\/noticia\/wp-json\/wp\/v2\/posts\/9660\/revisions"}],"wp:attachment":[{"href":"https:\/\/migracao.redenoticia.com.br\/noticia\/wp-json\/wp\/v2\/media?parent=9660"}],"wp:term":[{"taxonomy":"category","embeddable":true,"href":"https:\/\/migracao.redenoticia.com.br\/noticia\/wp-json\/wp\/v2\/categories?post=9660"},{"taxonomy":"post_tag","embeddable":true,"href":"https:\/\/migracao.redenoticia.com.br\/noticia\/wp-json\/wp\/v2\/tags?post=9660"}],"curies":[{"name":"wp","href":"https:\/\/api.w.org\/{rel}","templated":true}]}}