{"id":9663,"date":"2009-08-25T13:48:23","date_gmt":"2009-08-25T17:48:23","guid":{"rendered":"http:\/\/www.redenoticia.com.br\/noticia\/?p=9663"},"modified":"2009-08-25T13:48:23","modified_gmt":"2009-08-25T17:48:23","slug":"chuva-prejudica-obras-em-ji-parana","status":"publish","type":"post","link":"https:\/\/migracao.redenoticia.com.br\/noticia\/2009\/chuva-prejudica-obras-em-ji-parana\/9663","title":{"rendered":"Chuva prejudica obras em Ji-Paran\u00e1"},"content":{"rendered":"<p>A Chuva da \u00faltima semana, batizada por muitos como \u201ca Chuva da Flor da Manga\u201d, estragou o trabalho da Secretaria Municipal de Obras e Servi\u00e7os P\u00fablicos (Semosp) no Parque de Exposi\u00e7\u00f5es Herm\u00ednio Victorelli, em Ji-Paran\u00e1, Rond\u00f4nia. Homens e m\u00e1quinas da Semosp desenham a pista de 1.400 metros que servir\u00e1 para a disputa do Latino Americano de Motocross. Aproximadamente 30% do servi\u00e7o realizado foi perdido com a chuva, sendo assim, os trabalhos foram intensificados esta semana. O secret\u00e1rio de Obras, Assis Canuto, afirmou que o grande volume de \u00e1gua da chuva rompeu a caixa de liga\u00e7\u00e3o e mudan\u00e7a de dire\u00e7\u00e3o na drenagem na rua T-23 com Tarauac\u00e1. \u201cPrecisamos restaurar este sistema direto na funda\u00e7\u00e3o com ferragem.<\/p>\n<p>J\u00e1 no Parque de Exposi\u00e7\u00f5es os trabalhos ser\u00e3o finalizados esta semana\u201d, garantiu Canuto. De acordo com informa\u00e7\u00f5es dos t\u00e9cnicos da Semosp os trabalhos tamb\u00e9m foram prejudicados na JK, onde seguem os servi\u00e7os de cal\u00e7amento. Desta maneira haver\u00e1 um atraso na previs\u00e3o inicial para entrega das obras. \u00a0<\/p>\n<p>31 de mar\u00e7o- Os servi\u00e7os de recupera\u00e7\u00e3o da Rua 31 de mar\u00e7o continuam e est\u00e3o na seguinte ordem:\u00a0Conclu\u00edda a opera\u00e7\u00e3o tapa buracos entre a Avenida Monte Castelo e Rua Antonio Ferreira de Freitas;\u00a0Conclu\u00eddo o sistema de drenagem profunda, no trecho entre as Ruas Antonio Ferreira de Freitas, no Bairro Jardim Presidencial e Piau\u00ed, no Bairro Santiago;\u00a0Conclu\u00eddo o servi\u00e7o de pavimenta\u00e7\u00e3o pelo sistema TSD, no trecho entre as ruas Antonio Ferreira de Freitas e Avenida Castelo Branco;\u00a0Em fase de conclus\u00e3o\u00a0os servi\u00e7os de terraplanagem e tratamento da base, no trecho entre as ruas Castelo Branco e Rua Piau\u00ed para aplica\u00e7\u00e3o da capa asf\u00e1ltica.<\/p>\n","protected":false},"excerpt":{"rendered":"<p>A Chuva da \u00faltima semana, batizada por muitos como \u201ca Chuva da Flor da Manga\u201d, estragou o trabalho da Secretaria Municipal de Obras e Servi\u00e7os P\u00fablicos (Semosp) no Parque de Exposi\u00e7\u00f5es Herm\u00ednio Victorelli, em Ji-Paran\u00e1, Rond\u00f4nia. Homens e m\u00e1quinas da Semosp desenham a pista de 1.400 metros que servir\u00e1 para a disputa do Latino Americano [&hellip;]<\/p>\n","protected":false},"author":3,"featured_media":0,"comment_status":"open","ping_status":"open","sticky":false,"template":"","format":"standard","meta":{"tdm_status":"","tdm_grid_status":"","footnotes":""},"categories":[22],"tags":[],"class_list":{"0":"post-9663","1":"post","2":"type-post","3":"status-publish","4":"format-standard","6":"category-brasil"},"_links":{"self":[{"href":"https:\/\/migracao.redenoticia.com.br\/noticia\/wp-json\/wp\/v2\/posts\/9663","targetHints":{"allow":["GET"]}}],"collection":[{"href":"https:\/\/migracao.redenoticia.com.br\/noticia\/wp-json\/wp\/v2\/posts"}],"about":[{"href":"https:\/\/migracao.redenoticia.com.br\/noticia\/wp-json\/wp\/v2\/types\/post"}],"author":[{"embeddable":true,"href":"https:\/\/migracao.redenoticia.com.br\/noticia\/wp-json\/wp\/v2\/users\/3"}],"replies":[{"embeddable":true,"href":"https:\/\/migracao.redenoticia.com.br\/noticia\/wp-json\/wp\/v2\/comments?post=9663"}],"version-history":[{"count":0,"href":"https:\/\/migracao.redenoticia.com.br\/noticia\/wp-json\/wp\/v2\/posts\/9663\/revisions"}],"wp:attachment":[{"href":"https:\/\/migracao.redenoticia.com.br\/noticia\/wp-json\/wp\/v2\/media?parent=9663"}],"wp:term":[{"taxonomy":"category","embeddable":true,"href":"https:\/\/migracao.redenoticia.com.br\/noticia\/wp-json\/wp\/v2\/categories?post=9663"},{"taxonomy":"post_tag","embeddable":true,"href":"https:\/\/migracao.redenoticia.com.br\/noticia\/wp-json\/wp\/v2\/tags?post=9663"}],"curies":[{"name":"wp","href":"https:\/\/api.w.org\/{rel}","templated":true}]}}