{"id":9667,"date":"2009-08-25T14:39:07","date_gmt":"2009-08-25T18:39:07","guid":{"rendered":"http:\/\/www.redenoticia.com.br\/noticia\/?p=9667"},"modified":"2009-08-25T14:39:07","modified_gmt":"2009-08-25T18:39:07","slug":"em-referencia-a-rede-record-geraldo-brasil-sonia-abrao-diz-que-nao-e-criminosa","status":"publish","type":"post","link":"https:\/\/migracao.redenoticia.com.br\/noticia\/2009\/em-referencia-a-rede-record-geraldo-brasil-sonia-abrao-diz-que-nao-e-criminosa\/9667","title":{"rendered":"Em refer\u00eancia \u00e0 Rede Record Geraldo Brasil, Sonia Abr\u00e3o diz que n\u00e3o \u00e9 criminosa"},"content":{"rendered":"<p>Nesta segunda (24\/08) Sonia Abr\u00e3o foi entrevistada por Luciana Gimenez, na Rede TV, e fez cr\u00edticas severas ao Geraldo Luis, apresentador do Geraldo Brasil da Rede Record. Segundo Sonia Abr\u00e3o o apresentador teria chamado a ela, \u00e0 sua produ\u00e7\u00e3o e \u00e0 Rede TV de criminosos, no epis\u00f3dio do Pai de Carlinhos. No dia em que a Rede Record apresentaria Carlinhos a seu pai, a Rede Tv chegou antes e o levou para o programa da Sonia Abr\u00e3o. Ao contar o fato para Carlinhos, sem citar nomes, Geraldo Luis dissera que uma concorrente teria embebedado e seq\u00fcestrado seu pai para evitar o encontro na Rede Record.<\/p>\n<p>Sonia Abr\u00e3o se defendeu e disse que o Pai de Carlinhos preferiu aparecer na Rede TV por ter sido melhor tratado por sua equipe do que pela produ\u00e7\u00e3o da Rede Record. Disse ainda que Geraldo Luis n\u00e3o \u00e9 profissional ao n\u00e3o aceitar um furo de reportagem, e que outros certamente acontecer\u00e3o.<\/p>\n<p>Segundo a Rede TV, Geraldo Luis da Rede Record foi procurado pela produ\u00e7\u00e3o e n\u00e3o quis se pronunciar \u00e0 respeito. \u00c9 poss\u00edvel que a resposta seja dada durante o programa Geraldo Brasil desta tarde.<\/p>\n<p>Sonia Abr\u00e3o sugeriu que medidas mais s\u00e9rias ser\u00e3o tomadas sobre o ocorrido, mas Luciana Gimenez n\u00e3o esclareceu quais seriam.<\/p>\n","protected":false},"excerpt":{"rendered":"<p>Nesta segunda (24\/08) Sonia Abr\u00e3o foi entrevistada por Luciana Gimenez, na Rede TV, e fez cr\u00edticas severas ao Geraldo Luis, apresentador do Geraldo Brasil da Rede Record. Segundo Sonia Abr\u00e3o o apresentador teria chamado a ela, \u00e0 sua produ\u00e7\u00e3o e \u00e0 Rede TV de criminosos, no epis\u00f3dio do Pai de Carlinhos. No dia em que [&hellip;]<\/p>\n","protected":false},"author":3,"featured_media":0,"comment_status":"open","ping_status":"open","sticky":false,"template":"","format":"standard","meta":{"tdm_status":"","tdm_grid_status":"","footnotes":""},"categories":[22,343],"tags":[],"class_list":{"0":"post-9667","1":"post","2":"type-post","3":"status-publish","4":"format-standard","6":"category-brasil","7":"category-televisao"},"_links":{"self":[{"href":"https:\/\/migracao.redenoticia.com.br\/noticia\/wp-json\/wp\/v2\/posts\/9667","targetHints":{"allow":["GET"]}}],"collection":[{"href":"https:\/\/migracao.redenoticia.com.br\/noticia\/wp-json\/wp\/v2\/posts"}],"about":[{"href":"https:\/\/migracao.redenoticia.com.br\/noticia\/wp-json\/wp\/v2\/types\/post"}],"author":[{"embeddable":true,"href":"https:\/\/migracao.redenoticia.com.br\/noticia\/wp-json\/wp\/v2\/users\/3"}],"replies":[{"embeddable":true,"href":"https:\/\/migracao.redenoticia.com.br\/noticia\/wp-json\/wp\/v2\/comments?post=9667"}],"version-history":[{"count":0,"href":"https:\/\/migracao.redenoticia.com.br\/noticia\/wp-json\/wp\/v2\/posts\/9667\/revisions"}],"wp:attachment":[{"href":"https:\/\/migracao.redenoticia.com.br\/noticia\/wp-json\/wp\/v2\/media?parent=9667"}],"wp:term":[{"taxonomy":"category","embeddable":true,"href":"https:\/\/migracao.redenoticia.com.br\/noticia\/wp-json\/wp\/v2\/categories?post=9667"},{"taxonomy":"post_tag","embeddable":true,"href":"https:\/\/migracao.redenoticia.com.br\/noticia\/wp-json\/wp\/v2\/tags?post=9667"}],"curies":[{"name":"wp","href":"https:\/\/api.w.org\/{rel}","templated":true}]}}