{"id":9672,"date":"2009-08-25T20:30:18","date_gmt":"2009-08-26T00:30:18","guid":{"rendered":"http:\/\/www.redenoticia.com.br\/noticia\/?p=9672"},"modified":"2009-09-14T22:48:35","modified_gmt":"2009-09-15T02:48:35","slug":"resultado-da-dupla-sena-788-desta-terca-feira-2508","status":"publish","type":"post","link":"https:\/\/migracao.redenoticia.com.br\/noticia\/2009\/resultado-da-dupla-sena-788-desta-terca-feira-2508\/9672","title":{"rendered":"Resultado da Dupla Sena 788 desta ter\u00e7a-feira 25\/08"},"content":{"rendered":"<p><span style=\"color: #0000ee; text-decoration: underline;\"><a href=\"https:\/\/migracao.redenoticia.com.br\/noticia\/imagens\/\/loto1.jpg\"><img loading=\"lazy\" decoding=\"async\" class=\"alignleft size-full wp-image-7067\" title=\"loto1\" src=\"https:\/\/migracao.redenoticia.com.br\/noticia\/imagens\/\/loto1.jpg\" alt=\"loto1\" width=\"150\" height=\"113\" \/><\/a><\/span>O Resultado da Dupla Sena 788 sorteada nesta ter\u00e7a-feira 25\/08, em Barretos, Interior de S\u00e3o Paulo, foi divulgado pelo Caminh\u00e3o da Sorte, n\u00e3o teve ganhador para o pr\u00eamio principal. A estimativa de Pr\u00eamio agora \u00e9 de R$ 1.500.000,00 para o pr\u00f3ximo concurso, a ser realizado em 28\/08\/2009. Mesmo sem acertador para as seis dezenas, o concurso Dupla Sena 788 teve 23 Quinas de R$ 4.372,37 e 1564 Quadras de R$ 91,85.<\/p>\n<p>Primeiro sorteio da Dupla Sena 788 \u00a0teve as dezenas <strong>13\u00a0 21\u00a0 25\u00a0 32\u00a0 37\u00a0 46 <\/strong>e segundo sorteio da Dupla Sena 788 teve as dezenas \u00a0<strong>04\u00a0 07\u00a0 20\u00a0 24\u00a0 41\u00a0 43<\/strong>.<strong><\/strong><\/p>\n<p>Na Dupla Sena, voc\u00ea tem o dobro de chances de ganhar. Com o mesmo bilhete, voc\u00ea participa de 2 sorteios por concurso e ganha se acertar os 6 n\u00fameros do 1\u00ba sorteio e\/ou se acertar 4, 5 ou 6 n\u00fameros do 2\u00ba sorteio. Marque de 6 a 15 n\u00fameros, entre os 50 dispon\u00edveis no volante.<\/p>\n<p>Voc\u00ea pode receber pr\u00eamios de at\u00e9 R$ 800,00 em qualquer casa lot\u00e9rica credenciada ou nas ag\u00eancias da CAIXA, independente do valor.<\/p>\n<p>Confira o bilhete impresso pelo terminal. Ele \u00e9 o \u00fanico comprovante da sua aposta.\u00a0<\/p>\n<p>Desde 1980, o Caminh\u00e3o da Sorte percorre as estradas do pa\u00eds levando sonhos e demonstrando a transpar\u00eancia e a lisura das Loterias CAIXA. Atualmente, esse sistema m\u00f3vel de sorteios conta com 2 unidades. Uma permanece na cidade-sede dos sorteios e a outra viaja at\u00e9 as cidades onde ser\u00e3o realizados os pr\u00f3ximos.<\/p>\n<p>Com o Caminh\u00e3o da Sorte, a comunidade local participa ativamente dos sorteios. Quem est\u00e1 na plat\u00e9ia pode acionar o dispositivo que libera as bolas numeradas. E todos os procedimentos s\u00e3o validados, na hora, por auditoria popular.<\/p>\n<p>No Caminh\u00e3o da Sorte, h\u00e1 uma unidade lot\u00e9rica instalada especialmente para que apostas sejam realizadas at\u00e9 uma hora antes do sorteio. Voc\u00ea aposta, torce e confere o resultado ali, na sua frente.<\/p>\n","protected":false},"excerpt":{"rendered":"<p>O Resultado da Dupla Sena 788 sorteada nesta ter\u00e7a-feira 25\/08, em Barretos, Interior de S\u00e3o Paulo, foi divulgado pelo Caminh\u00e3o da Sorte, n\u00e3o teve ganhador para o pr\u00eamio principal. A estimativa de Pr\u00eamio agora \u00e9 de R$ 1.500.000,00 para o pr\u00f3ximo concurso, a ser realizado em 28\/08\/2009. Mesmo sem acertador para as seis dezenas, o [&hellip;]<\/p>\n","protected":false},"author":3,"featured_media":0,"comment_status":"open","ping_status":"open","sticky":false,"template":"","format":"standard","meta":{"tdm_status":"","tdm_grid_status":"","footnotes":""},"categories":[22,360,335],"tags":[],"class_list":{"0":"post-9672","1":"post","2":"type-post","3":"status-publish","4":"format-standard","6":"category-brasil","7":"category-dupla-sena","8":"category-loteria"},"_links":{"self":[{"href":"https:\/\/migracao.redenoticia.com.br\/noticia\/wp-json\/wp\/v2\/posts\/9672","targetHints":{"allow":["GET"]}}],"collection":[{"href":"https:\/\/migracao.redenoticia.com.br\/noticia\/wp-json\/wp\/v2\/posts"}],"about":[{"href":"https:\/\/migracao.redenoticia.com.br\/noticia\/wp-json\/wp\/v2\/types\/post"}],"author":[{"embeddable":true,"href":"https:\/\/migracao.redenoticia.com.br\/noticia\/wp-json\/wp\/v2\/users\/3"}],"replies":[{"embeddable":true,"href":"https:\/\/migracao.redenoticia.com.br\/noticia\/wp-json\/wp\/v2\/comments?post=9672"}],"version-history":[{"count":0,"href":"https:\/\/migracao.redenoticia.com.br\/noticia\/wp-json\/wp\/v2\/posts\/9672\/revisions"}],"wp:attachment":[{"href":"https:\/\/migracao.redenoticia.com.br\/noticia\/wp-json\/wp\/v2\/media?parent=9672"}],"wp:term":[{"taxonomy":"category","embeddable":true,"href":"https:\/\/migracao.redenoticia.com.br\/noticia\/wp-json\/wp\/v2\/categories?post=9672"},{"taxonomy":"post_tag","embeddable":true,"href":"https:\/\/migracao.redenoticia.com.br\/noticia\/wp-json\/wp\/v2\/tags?post=9672"}],"curies":[{"name":"wp","href":"https:\/\/api.w.org\/{rel}","templated":true}]}}