{"id":9679,"date":"2009-08-25T21:53:53","date_gmt":"2009-08-26T01:53:53","guid":{"rendered":"http:\/\/www.redenoticia.com.br\/noticia\/?p=9679"},"modified":"2009-08-25T22:00:35","modified_gmt":"2009-08-26T02:00:35","slug":"tempo-permanece-com-chuva-em-boa-parte-do-pais","status":"publish","type":"post","link":"https:\/\/migracao.redenoticia.com.br\/noticia\/2009\/tempo-permanece-com-chuva-em-boa-parte-do-pais\/9679","title":{"rendered":"Tempo permanece com chuva em boa parte do Pa\u00eds"},"content":{"rendered":"<p>Uma frente fria organiza nuvens carregadas e chuvas sobre boa parte do Sudeste, Centro-Oeste e Norte nesta manh\u00e3 de ter\u00e7a-feira. Os destaques das \u00faltimas horas foram as chuvas moderadas em Santa Cruz, na zona oeste do Rio, uma chuva forte com trovoadas na Capital Cuiab\u00e1 e o alto volume de chuva acumulado em Vila Bela da Sant\u00edssima Trindade, no sudoeste de Mato Grosso, onde choveu quase 83mm em apenas 18 horas, mais de cinco vezes a m\u00e9dia climatol\u00f3gica da regi\u00e3o. Nuvens carregadas tamb\u00e9m provocaram chuvas constantes no leste do Nordeste, com destaque para as Capitais Recife e Aracaju. No Sul, a entrada de uma massa de ar polar deixa o tempo aberto e as temperaturas mais baixas, com m\u00ednima de apenas 6\u00b0C na Serra de Santa Catarina.\u00a0<br \/>\nPrevis\u00e3o para os pr\u00f3ximos dias<br \/>\nAs \u00e1reas de instabilidade d\u00e3o origem a uma nova frente fria, que ser\u00e1 respons\u00e1vel por chuvas generalizadas em boa parte do Brasil at\u00e9 a pr\u00f3xima sexta-feira, dia 28 de agosto. S\u00e3o previstos acumulados de at\u00e9 50mm no sudoeste de Minas Gerais, algo em torno dos 30mm no Distrito Federal e extremo sudoeste da Bahia, e entre 5mm e 15mm no centro e leste de Santa Catarina e no Paran\u00e1.<\/p>\n<p>Ao norte do pa\u00eds, \u00e1reas de instabilidade provocam chuvas generalizadas no leste e norte do Nordeste e no litoral da Regi\u00e3o Norte. Tamb\u00e9m h\u00e1 previs\u00e3o de chuvas fortes no oeste do Amazonas e no Acre, com acumulado de at\u00e9 100mm em cinco dias.<\/p>\n<p>N\u00e3o h\u00e1 previs\u00e3o de chuvas apenas no Rio Grande do Sul, sul e oeste de Santa Catarina, oeste e sudoeste de Mato Grosso do Sul, sudoeste de Mato Grosso e centro e sul de Rond\u00f4nia. Com rela\u00e7\u00e3o \u00e0 temperatura, a previs\u00e3o \u00e9 de eleva\u00e7\u00e3o ao longo dos pr\u00f3ximos dias.<\/p>\n","protected":false},"excerpt":{"rendered":"<p>Uma frente fria organiza nuvens carregadas e chuvas sobre boa parte do Sudeste, Centro-Oeste e Norte nesta manh\u00e3 de ter\u00e7a-feira. Os destaques das \u00faltimas horas foram as chuvas moderadas em Santa Cruz, na zona oeste do Rio, uma chuva forte com trovoadas na Capital Cuiab\u00e1 e o alto volume de chuva acumulado em Vila Bela [&hellip;]<\/p>\n","protected":false},"author":3,"featured_media":0,"comment_status":"open","ping_status":"open","sticky":false,"template":"","format":"standard","meta":{"tdm_status":"","tdm_grid_status":"","footnotes":""},"categories":[22,327],"tags":[],"class_list":{"0":"post-9679","1":"post","2":"type-post","3":"status-publish","4":"format-standard","6":"category-brasil","7":"category-clima"},"_links":{"self":[{"href":"https:\/\/migracao.redenoticia.com.br\/noticia\/wp-json\/wp\/v2\/posts\/9679","targetHints":{"allow":["GET"]}}],"collection":[{"href":"https:\/\/migracao.redenoticia.com.br\/noticia\/wp-json\/wp\/v2\/posts"}],"about":[{"href":"https:\/\/migracao.redenoticia.com.br\/noticia\/wp-json\/wp\/v2\/types\/post"}],"author":[{"embeddable":true,"href":"https:\/\/migracao.redenoticia.com.br\/noticia\/wp-json\/wp\/v2\/users\/3"}],"replies":[{"embeddable":true,"href":"https:\/\/migracao.redenoticia.com.br\/noticia\/wp-json\/wp\/v2\/comments?post=9679"}],"version-history":[{"count":0,"href":"https:\/\/migracao.redenoticia.com.br\/noticia\/wp-json\/wp\/v2\/posts\/9679\/revisions"}],"wp:attachment":[{"href":"https:\/\/migracao.redenoticia.com.br\/noticia\/wp-json\/wp\/v2\/media?parent=9679"}],"wp:term":[{"taxonomy":"category","embeddable":true,"href":"https:\/\/migracao.redenoticia.com.br\/noticia\/wp-json\/wp\/v2\/categories?post=9679"},{"taxonomy":"post_tag","embeddable":true,"href":"https:\/\/migracao.redenoticia.com.br\/noticia\/wp-json\/wp\/v2\/tags?post=9679"}],"curies":[{"name":"wp","href":"https:\/\/api.w.org\/{rel}","templated":true}]}}