{"id":968,"date":"2009-04-29T21:58:21","date_gmt":"2009-04-30T01:58:21","guid":{"rendered":"http:\/\/www.redenoticia.com.br\/noticia\/?p=968"},"modified":"2009-04-29T21:58:21","modified_gmt":"2009-04-30T01:58:21","slug":"ocorrencias-de-casos-humanos-de-influenza-suina-2","status":"publish","type":"post","link":"https:\/\/migracao.redenoticia.com.br\/noticia\/2009\/ocorrencias-de-casos-humanos-de-influenza-suina-2\/968","title":{"rendered":"Ocorr\u00eancias de casos humanos de influenza su\u00edna 2"},"content":{"rendered":"<p style=\"text-align: center; \" align=\"center\"><strong><span style=\"font-size: 14pt; \">Quarta-feira, 29\/04\/2009, \u00e0s 20h<\/span><\/strong><\/p>\n<p style=\"margin-top: 0cm; margin-right: 0cm; margin-bottom: 0pt; margin-left: 36pt; text-indent: -18pt; text-align: justify; \"><span style=\"font-size: 11pt; \"><span>1.<span style=\"font: normal normal normal 7pt\/normal 'Times New Roman'; \">\u00a0\u00a0\u00a0<span class=\"Apple-converted-space\">\u00a0<\/span><\/span><\/span><\/span><span style=\"font-size: 11pt; \">O Minist\u00e9rio da Sa\u00fade monitora<span class=\"Apple-converted-space\">\u00a0<\/span><strong><span style=\"text-decoration:underline;\">DOIS CASOS<\/span><\/strong><span style=\"text-decoration:underline;\"><span class=\"Apple-converted-space\">\u00a0<\/span><strong>SUSPEITOS<\/strong><\/span><span class=\"Apple-converted-space\">\u00a0<\/span>de pessoas que atendem aos crit\u00e9rios de defini\u00e7\u00e3o de caso suspeito de influenza su\u00edna (ver item 8). Os pacientes est\u00e3o sendo acompanhados em S\u00e3o Paulo (capital) e Minas Gerais (Belo Horizonte). Eles est\u00e3o internados em hospitais de refer\u00eancia e j\u00e1 est\u00e3o recebendo o medicamento Fosfato de Oseltamivir (Tamiflu), indicado para o tratamento de influenza.<\/span><\/p>\n<p style=\"margin-top: 0cm; margin-right: 0cm; margin-bottom: 0pt; margin-left: 36pt; text-indent: -18pt; text-align: justify; \"><span style=\"font-size: 11pt; \"><span>2.<span style=\"font: normal normal normal 7pt\/normal 'Times New Roman'; \">\u00a0\u00a0\u00a0<span class=\"Apple-converted-space\">\u00a0<\/span><\/span><\/span><\/span><span style=\"font-size: 11pt; \">Outros<span class=\"Apple-converted-space\">\u00a0<\/span><strong><span style=\"text-decoration:underline;\">36 CASOS<\/span><\/strong><span class=\"Apple-converted-space\">\u00a0<\/span>est\u00e3o sendo investigados, em 11 estados. S\u00e3o pessoas que estiveram em \u00e1reas afetadas e que apresentaram alguns sintomas, mas que<strong><span style=\"text-decoration:underline;\">N\u00c3O S\u00c3O CONSIDERADAS SUSPEITAS<\/span><\/strong>, porque n\u00e3o atendem \u00e0 defini\u00e7\u00e3o de caso suspeito preconizada pelo Minist\u00e9rio da Sa\u00fade. Um caso de Minas Gerais foi descartado para influenza su\u00edna.<\/span><\/p>\n<ol type=\"1\" style=\"margin-top: 0cm; \" start=\"3\">\n<li style=\"margin-top: 0cm; margin-right: 0cm; margin-bottom: 0pt; text-align: justify; margin-left: 15px; \"><span style=\"font-size: 11pt; \">Na tarde desta quarta-feira, a diretora geral da Organiza\u00e7\u00e3o Mundial de Sa\u00fade (OMS), Margaret Chan, elevou o n\u00edvel de alerta da Emerg\u00eancia de Sa\u00fade P\u00fablica de Import\u00e2ncia Internacional da fase 4 para a fase 5. Poss\u00edveis novas recomenda\u00e7\u00f5es da OMS aos pa\u00edses dever\u00e3o ser anunciadas nesta quinta-feira (30\/4).<\/span><\/li>\n<\/ol>\n<ol type=\"1\" style=\"margin-top: 0cm; \" start=\"4\">\n<li style=\"margin-top: 0cm; margin-right: 0cm; margin-bottom: 0pt; text-align: justify; margin-left: 15px; \"><span style=\"font-size: 11pt; \">O Brasil mant\u00e9m as a\u00e7\u00f5es do Plano de Prepara\u00e7\u00e3o para o Enfrentamento de uma Epidemia de Influenza, que v\u00eam sendo desenvolvidas desde o \u00faltimo s\u00e1bado (25\/4), quando foi acionado o Gabinete Permanente de Emerg\u00eancias de Sa\u00fade P\u00fablica. O grupo, que se re\u00fane diariamente em Bras\u00edlia, tem a participa\u00e7\u00e3o de representantes do Minist\u00e9rio da Sa\u00fade, da Ag\u00eancia Nacional de Vigil\u00e2ncia Sanit\u00e1ria (ANVISA), do Minist\u00e9rio da Agricultura, Pecu\u00e1ria e Abastecimento, do Gabinete de Seguran\u00e7a Institucional da Presid\u00eancia da Rep\u00fablica, do Minist\u00e9rio das Rela\u00e7\u00f5es Exteriores e da Aeron\u00e1utica.<\/span><\/li>\n<\/ol>\n<ol type=\"1\" style=\"margin-top: 0cm; \" start=\"5\">\n<li style=\"margin-top: 0cm; margin-right: 0cm; margin-bottom: 0pt; text-align: justify; margin-left: 15px; \"><span style=\"font-size: 11pt; \">Com rela\u00e7\u00e3o ao medicamento indicado para influenza, o Minist\u00e9rio da Sa\u00fade recebeu do laborat\u00f3rio produtor (Roche) 6.250 tratamentos adultos e 6.250 pedi\u00e1tricos. Foram enviados, nesta quarta-feira, 200 tratamentos para o estado de S\u00e3o Paulo e 200 para o estado do Rio de Janeiro. Os demais estados devem receber 20 tratamentos, cada um, nesta quinta-feira. A regula\u00e7\u00e3o do estoque e o envio de novas remessas aos estados ser\u00e3o avaliados pelo Minist\u00e9rio, conforme a necessidade.<\/span><\/li>\n<\/ol>\n<ol type=\"1\" style=\"margin-top: 0cm; \" start=\"6\">\n<li style=\"margin-top: 0cm; margin-right: 0cm; margin-bottom: 0pt; text-align: justify; margin-left: 15px; \"><span style=\"font-size: 11pt; \">Atualmente, o pa\u00eds disp\u00f5e de estoque estrat\u00e9gico de<span class=\"Apple-converted-space\">\u00a0<\/span><strong><span style=\"text-decoration:underline;\">9 MILH\u00d5ES<\/span><\/strong><span class=\"Apple-converted-space\">\u00a0<\/span>de tratamentos. A mat\u00e9ria prima est\u00e1 acondicionada a granel e pode ser transformada em c\u00e1psulas no laborat\u00f3rio de Biomanguinhos (no Rio de Janeiro) e em laborat\u00f3rios da Marinha e do Ex\u00e9rcito. Juntos, os laborat\u00f3rios t\u00eam capacidade de produzir 300 mil c\u00e1psulas por dia (o equivalente a 30 mil tratamentos). A quantidade de medicamento e o in\u00edcio do processamento ser\u00e3o indicados pelo Minist\u00e9rio, conforme a necessidade.<\/span><\/li>\n<\/ol>\n<ol type=\"1\" style=\"margin-top: 0cm; \" start=\"7\">\n<li style=\"margin-top: 0cm; margin-right: 0cm; margin-bottom: 0pt; text-align: justify; margin-left: 15px; \"><span style=\"font-size: 11pt; \">O Minist\u00e9rio da Sa\u00fade<span class=\"Apple-converted-space\">\u00a0<\/span><strong><span style=\"text-decoration:underline;\">N\u00c3O RECOMENDA<\/span><\/strong><span class=\"Apple-converted-space\">\u00a0<\/span>que a popula\u00e7\u00e3o tome medicamentos por conta pr\u00f3pria. A automedica\u00e7\u00e3o pode mascarar ou atenuar sintomas, al\u00e9m de provocar resist\u00eancia ao medicamento espec\u00edfico para influenza.<\/span><\/li>\n<\/ol>\n<ol type=\"1\" style=\"margin-top: 0cm; \" start=\"8\">\n<li style=\"margin-top: 0cm; margin-right: 0cm; margin-bottom: 0pt; text-align: justify; margin-left: 15px; \"><span style=\"font-size: 11pt; \">Para o Minist\u00e9rio da Sa\u00fade, um caso suspeito de influenza su\u00edna \u00e9 caracterizado por:<\/span><\/li>\n<\/ol>\n<p style=\"margin-top: 0cm; margin-right: 0cm; margin-bottom: 0pt; margin-left: 72pt; text-indent: -18pt; text-align: justify; \"><span style=\"font-size: 11pt; font-family: Symbol; \"><span>\u00b7<span style=\"font: normal normal normal 7pt\/normal 'Times New Roman'; \">\u00a0\u00a0\u00a0\u00a0\u00a0\u00a0\u00a0\u00a0<span class=\"Apple-converted-space\">\u00a0<\/span><\/span><\/span><\/span><span style=\"font-size: 11pt; \">Apresentar febre alta de maneira repentina (acima de 38\u00baC) e tosse, podendo estar acompanhadas de algum dos seguintes sintomas: dificuldade respirat\u00f3ria e dor de cabe\u00e7a, musculares e nas articula\u00e7\u00f5es<strong><span style=\"text-decoration:underline;\">E<\/span><\/strong>:<\/span><\/p>\n<p style=\"margin-top: 0cm; margin-right: 0cm; margin-bottom: 0pt; margin-left: 117pt; text-indent: -18pt; text-align: justify; \"><span style=\"font-size: 11pt; \"><span>a)<span style=\"font: normal normal normal 7pt\/normal 'Times New Roman'; \">\u00a0\u00a0\u00a0<span class=\"Apple-converted-space\">\u00a0<\/span><\/span><\/span><\/span><span style=\"font-size: 11pt; \">Ter apresentado sintomas at\u00e9 10 dias ap\u00f3s sair de<span class=\"Apple-converted-space\">\u00a0<\/span><span style=\"text-decoration:underline;\">\u00e1reas afetadas<\/span><span class=\"Apple-converted-space\">\u00a0<\/span>pela doen\u00e7a;<\/span><\/p>\n<p style=\"margin-top: 0cm; margin-right: 0cm; margin-bottom: 0pt; margin-left: 109.8pt; text-indent: 7.2pt; text-align: justify; \"><strong><span style=\"text-decoration:underline;\"><span style=\"font-size: 11pt; \">OU<\/span><\/span><\/strong><\/p>\n<p style=\"margin-top: 0cm; margin-right: 0cm; margin-bottom: 0pt; margin-left: 117pt; text-indent: -18pt; text-align: justify; \"><span style=\"font-size: 11pt; \"><span>b)<span style=\"font: normal normal normal 7pt\/normal 'Times New Roman'; \">\u00a0\u00a0\u00a0<span class=\"Apple-converted-space\">\u00a0<\/span><\/span><\/span><\/span><span style=\"font-size: 11pt; \">Ter tido<span class=\"Apple-converted-space\">\u00a0<\/span><span style=\"text-decoration:underline;\">contato pr\u00f3ximo<\/span>, nos \u00faltimos dez dias, com uma pessoa classificada como caso suspeito de influenza su\u00edna.<\/span><\/p>\n<p style=\"margin-top: 0cm; margin-right: 0cm; margin-bottom: 0pt; margin-left: 36pt; text-indent: -18pt; text-align: justify; \"><span style=\"font-size: 11pt; \"><span>9.<span style=\"font: normal normal normal 7pt\/normal 'Times New Roman'; \">\u00a0\u00a0\u00a0<span class=\"Apple-converted-space\">\u00a0<\/span><\/span><\/span><\/span><span style=\"font-size: 11pt; \">S\u00e3o consideradas<span class=\"Apple-converted-space\">\u00a0<\/span><span style=\"text-decoration:underline;\">\u00e1reas afetadas<\/span><span class=\"Apple-converted-space\">\u00a0<\/span>os pa\u00edses com casos confirmados e divulgados pelos governos ou pela OMS.<span class=\"Apple-converted-space\">\u00a0<\/span><span style=\"text-decoration:underline;\">Contato pr\u00f3ximo<\/span><span class=\"Apple-converted-space\">\u00a0<\/span>\u00e9 a pessoa que cuida, convive ou teve contato direto com secre\u00e7\u00f5es respirat\u00f3rias ou fluidos corporais de um caso confirmado.<\/span><\/p>\n<p style=\"margin-top: 0cm; margin-right: 0cm; margin-bottom: 0pt; margin-left: 36pt; text-indent: -18pt; text-align: justify; \"><span style=\"font-size: 11pt; \"><span>10.<span style=\"font: normal normal normal 7pt\/normal 'Times New Roman'; \">\u00a0<span class=\"Apple-converted-space\">\u00a0<\/span><\/span><\/span><\/span><span style=\"font-size: 11pt; \">A recomenda\u00e7\u00e3o para as pessoas que sentem algum dos sintomas e que passaram por \u00e1reas afetadas pela influenza su\u00edna \u00e9 procurar um servi\u00e7o p\u00fablico de sa\u00fade imediatamente. Existem, no pa\u00eds, 52 hospitais de refer\u00eancia (ao menos um por estado) para atendimento de eventuais casos que precisem ser monitorados.<\/span><\/p>\n<p style=\"margin-top: 0cm; margin-right: 0cm; margin-bottom: 0pt; margin-left: 36pt; text-indent: -18pt; text-align: justify; \"><span style=\"font-size: 11pt; \"><span>11.<span style=\"font: normal normal normal 7pt\/normal 'Times New Roman'; \">\u00a0<span class=\"Apple-converted-space\">\u00a0<\/span><\/span><\/span><\/span><span style=\"font-size: 11pt; \">Na manh\u00e3 desta quarta-feira, a OMS disponibilizou aos pa\u00edses o sequenciamento gen\u00e9tico do v\u00edrus causador da influenza su\u00edna em humanos. No prazo de at\u00e9 10 dias, o Brasil poder\u00e1 realizar exames espec\u00edficos para detectar a doen\u00e7a, em tr\u00eas laborat\u00f3rios p\u00fablicos: Instituto Evandro Chagas (PA), Instituto Adolf Lutz (SP) e Funda\u00e7\u00e3o Oswaldo Cruz (FIOCRUZ\/RJ).<\/span><\/p>\n","protected":false},"excerpt":{"rendered":"<p>Quarta-feira, 29\/04\/2009, \u00e0s 20h 1.\u00a0\u00a0\u00a0\u00a0O Minist\u00e9rio da Sa\u00fade monitora\u00a0DOIS CASOS\u00a0SUSPEITOS\u00a0de pessoas que atendem aos crit\u00e9rios de defini\u00e7\u00e3o de caso suspeito de influenza su\u00edna (ver item 8). Os pacientes est\u00e3o sendo acompanhados em S\u00e3o Paulo (capital) e Minas Gerais (Belo Horizonte). Eles est\u00e3o internados em hospitais de refer\u00eancia e j\u00e1 est\u00e3o recebendo o medicamento Fosfato de [&hellip;]<\/p>\n","protected":false},"author":2,"featured_media":0,"comment_status":"open","ping_status":"open","sticky":false,"template":"","format":"standard","meta":{"tdm_status":"","tdm_grid_status":"","footnotes":""},"categories":[5],"tags":[],"class_list":{"0":"post-968","1":"post","2":"type-post","3":"status-publish","4":"format-standard","6":"category-saude-e-vida"},"_links":{"self":[{"href":"https:\/\/migracao.redenoticia.com.br\/noticia\/wp-json\/wp\/v2\/posts\/968","targetHints":{"allow":["GET"]}}],"collection":[{"href":"https:\/\/migracao.redenoticia.com.br\/noticia\/wp-json\/wp\/v2\/posts"}],"about":[{"href":"https:\/\/migracao.redenoticia.com.br\/noticia\/wp-json\/wp\/v2\/types\/post"}],"author":[{"embeddable":true,"href":"https:\/\/migracao.redenoticia.com.br\/noticia\/wp-json\/wp\/v2\/users\/2"}],"replies":[{"embeddable":true,"href":"https:\/\/migracao.redenoticia.com.br\/noticia\/wp-json\/wp\/v2\/comments?post=968"}],"version-history":[{"count":0,"href":"https:\/\/migracao.redenoticia.com.br\/noticia\/wp-json\/wp\/v2\/posts\/968\/revisions"}],"wp:attachment":[{"href":"https:\/\/migracao.redenoticia.com.br\/noticia\/wp-json\/wp\/v2\/media?parent=968"}],"wp:term":[{"taxonomy":"category","embeddable":true,"href":"https:\/\/migracao.redenoticia.com.br\/noticia\/wp-json\/wp\/v2\/categories?post=968"},{"taxonomy":"post_tag","embeddable":true,"href":"https:\/\/migracao.redenoticia.com.br\/noticia\/wp-json\/wp\/v2\/tags?post=968"}],"curies":[{"name":"wp","href":"https:\/\/api.w.org\/{rel}","templated":true}]}}