{"id":9681,"date":"2009-08-25T21:56:12","date_gmt":"2009-08-26T01:56:12","guid":{"rendered":"http:\/\/www.redenoticia.com.br\/noticia\/?p=9681"},"modified":"2009-08-25T21:56:12","modified_gmt":"2009-08-26T01:56:12","slug":"campanha-sobre-o-portal-da-transparencia-entra-no-ar-hoje-2508","status":"publish","type":"post","link":"https:\/\/migracao.redenoticia.com.br\/noticia\/2009\/campanha-sobre-o-portal-da-transparencia-entra-no-ar-hoje-2508\/9681","title":{"rendered":"Campanha sobre o Portal da Transpar\u00eancia entra no ar hoje (25\/08)"},"content":{"rendered":"<p>Pedro, um pescador matuto que sabe tudo sobre rios; Haroldo, um taxista carioca que conhece de cor e salteado todos os caminhos da Cidade Maravilhosa; e o astr\u00f3logo Lauro, profundo conhecedor das conjun\u00e7\u00f5es planet\u00e1rias; s\u00e3o esses os personagens da campanha publicit\u00e1ria que a Controladoria-Geral da Uni\u00e3o (CGU)\u00a0este m\u00eas\u00a0para divulgar o Portal da Transpar\u00eancia do Governo Federal.<\/p>\n<p>Apesar de especialistas em suas respectivas \u00e1reas, os tr\u00eas personagens t\u00eam em comum o fato de nada saberem sobre o destino dos recursos p\u00fablicos. Ent\u00e3o, ensina a campanha, o caminho \u00e9 aprender a acompanhar a aplica\u00e7\u00e3o do dinheiro p\u00fablico por meio do Portal da Transpar\u00eancia. Intitulada \u201cDireito de Saber\u201d, a campanha \u00e9 composta por tr\u00eas filmes de 30 segundos e ser\u00e1 veiculada em TVs de canal fechado at\u00e9 o dia 30 de agosto.<\/p>\n<p>\u201cDinheiro p\u00fablico \u00e9 da nossa conta\u201d \u00e9 o conceito s\u00edntese da campanha, e os filmes chamam a aten\u00e7\u00e3o, de forma leve e descontra\u00edda, para a import\u00e2ncia de as pessoas se informarem sobre as a\u00e7\u00f5es e os investimentos do Governo Federal. O objetivo \u00e9 popularizar ao m\u00e1ximo o acesso ao portal, criado para dar transpar\u00eancia \u00e0s contas p\u00fablicas.<\/p>\n<p>Com personagens que caracterizam tipos comuns do povo brasileiro, vistos de modo bem-humorado, a proposta dos filmes \u00e9 brincar com a id\u00e9ia de que todo brasileiro se considera especialista em algum assunto. Pedro, Haroldo e Lauro conhecem tudo sobre os of\u00edcios que exercem, mas ficam cheios de d\u00favidas quando perguntados sobre o destino dos recursos p\u00fablicos.<\/p>\n<p><strong>Veicula\u00e7\u00e3o<\/strong><\/p>\n<p>A campanha j\u00e1 est\u00e1 sendo veiculada em 18 canais fechados de televis\u00e3o, em hor\u00e1rios diferenciados. De 10 a 30 de agosto, os filmes poder\u00e3o ser vistos nos canais SportTV; Multishow; Rede Telecine; Globonews; GNT; Universal; TNT; Discovery; National Geographic; ESPN Brasil (2 canais); Fox; HBO; Warner Channel; Sony; History Channel; Bio; e Band News.<\/p>\n<p>Al\u00e9m disso, os v\u00eddeos podem ser assistidos, separadamente ou em sequ\u00eancia, pela internet, no site do Portal da Transpar\u00eancia (<a href=\"http:\/\/www.portaldatransparencia.gov.br\" target=\"_blank\">www.portaldatransparencia.gov.br<\/a>) e no Youtube (<a href=\"http:\/\/www.youtube.com\/confiancabrasil\" target=\"_blank\">www.youtube.com\/confiancabrasil<\/a>).<\/p>\n<p>Nas pr\u00f3ximas semanas, a campanha tamb\u00e9m ser\u00e1 levada ao ar em canais abertos de televis\u00e3o, p\u00fablicos e comerciais. A produ\u00e7\u00e3o e a veicula\u00e7\u00e3o da campanha contaram com a parceria da Secretaria de Comunica\u00e7\u00e3o da Presid\u00eancia da Rep\u00fablica.<\/p>\n<p><strong>Refer\u00eancia<\/strong><\/p>\n<p>V\u00e1rias vezes premiado, inclusive pelas Na\u00e7\u00f5es Unidas, o Portal da Transpar\u00eancia \u00e9 hoje refer\u00eancia internacional. O portal foi lan\u00e7ado em novembro de 2004 para facilitar o controle social dos gastos p\u00fablicos e hoje \u00e9 um dos mais completos s\u00edtios do g\u00eanero existentes no mundo, permitindo a qualquer cidad\u00e3o, sem a necessidade de senha, acompanhar a execu\u00e7\u00e3o or\u00e7ament\u00e1ria dos programas e a\u00e7\u00f5es do Governo Federal.<\/p>\n<p>Hoje, o Portal da Transpar\u00eancia j\u00e1 exp\u00f5e ao controle social mais de R$ 5,7 trilh\u00f5es em recursos do or\u00e7amento p\u00fablico federal, dispostos em mais de 831 milh\u00f5es de informa\u00e7\u00f5es registradas. Esses dados correspondem a 5.542 a\u00e7\u00f5es de governo, decorrentes de 536 programas oficiais. Entre os benefici\u00e1rios dos pagamentos est\u00e3o mais de 21 milh\u00f5es de pessoas f\u00edsicas, incluindo os programas sociais, como o Bolsa Fam\u00edlia.<\/p>\n","protected":false},"excerpt":{"rendered":"<p>Pedro, um pescador matuto que sabe tudo sobre rios; Haroldo, um taxista carioca que conhece de cor e salteado todos os caminhos da Cidade Maravilhosa; e o astr\u00f3logo Lauro, profundo conhecedor das conjun\u00e7\u00f5es planet\u00e1rias; s\u00e3o esses os personagens da campanha publicit\u00e1ria que a Controladoria-Geral da Uni\u00e3o (CGU)\u00a0este m\u00eas\u00a0para divulgar o Portal da Transpar\u00eancia do Governo [&hellip;]<\/p>\n","protected":false},"author":2,"featured_media":0,"comment_status":"open","ping_status":"open","sticky":false,"template":"","format":"standard","meta":{"tdm_status":"","tdm_grid_status":"","footnotes":""},"categories":[22,343],"tags":[],"class_list":{"0":"post-9681","1":"post","2":"type-post","3":"status-publish","4":"format-standard","6":"category-brasil","7":"category-televisao"},"_links":{"self":[{"href":"https:\/\/migracao.redenoticia.com.br\/noticia\/wp-json\/wp\/v2\/posts\/9681","targetHints":{"allow":["GET"]}}],"collection":[{"href":"https:\/\/migracao.redenoticia.com.br\/noticia\/wp-json\/wp\/v2\/posts"}],"about":[{"href":"https:\/\/migracao.redenoticia.com.br\/noticia\/wp-json\/wp\/v2\/types\/post"}],"author":[{"embeddable":true,"href":"https:\/\/migracao.redenoticia.com.br\/noticia\/wp-json\/wp\/v2\/users\/2"}],"replies":[{"embeddable":true,"href":"https:\/\/migracao.redenoticia.com.br\/noticia\/wp-json\/wp\/v2\/comments?post=9681"}],"version-history":[{"count":0,"href":"https:\/\/migracao.redenoticia.com.br\/noticia\/wp-json\/wp\/v2\/posts\/9681\/revisions"}],"wp:attachment":[{"href":"https:\/\/migracao.redenoticia.com.br\/noticia\/wp-json\/wp\/v2\/media?parent=9681"}],"wp:term":[{"taxonomy":"category","embeddable":true,"href":"https:\/\/migracao.redenoticia.com.br\/noticia\/wp-json\/wp\/v2\/categories?post=9681"},{"taxonomy":"post_tag","embeddable":true,"href":"https:\/\/migracao.redenoticia.com.br\/noticia\/wp-json\/wp\/v2\/tags?post=9681"}],"curies":[{"name":"wp","href":"https:\/\/api.w.org\/{rel}","templated":true}]}}