{"id":9695,"date":"2009-08-25T22:02:52","date_gmt":"2009-08-26T02:02:52","guid":{"rendered":"http:\/\/www.redenoticia.com.br\/noticia\/?p=9695"},"modified":"2009-08-26T00:57:18","modified_gmt":"2009-08-26T04:57:18","slug":"inscricoes-para-o-festival-brasileiro-de-publicidade-terminam-dia-0409","status":"publish","type":"post","link":"https:\/\/migracao.redenoticia.com.br\/noticia\/2009\/inscricoes-para-o-festival-brasileiro-de-publicidade-terminam-dia-0409\/9695","title":{"rendered":"Inscri\u00e7\u00f5es para o Festival  Brasileiro de Publicidade terminam dia 04\/09"},"content":{"rendered":"<p>Entre os dias 14 e 16 de setembro, ser\u00e1 realizada, no Hotel Copacabana Palace, Rio de Janeiro, a 35\u00aa edi\u00e7\u00e3o do Festival Brasileiro de Publicidade. O evento tem por objetivo divulgar trabalhos inovadores e estimular a troca de informa\u00e7\u00f5es entre estudantes e profissionais e profissionais do setor.<\/p>\n<p>Neste ano, a novidade do festival \u00e9 a cria\u00e7\u00e3o da Categoria Design, que destacar\u00e1 trabalhos de embalagens, identidade visual, ambienta\u00e7\u00e3o de interiores, m\u00eddias digitais e campanhas promocionais que agregaram diferencial competitivo para seus clientes.<\/p>\n<p>O pr\u00eamio \u00e9 aberto a ag\u00eancias de publicidade e promo\u00e7\u00e3o, anunciantes, produtoras de filmes e som, empresas de m\u00eddia exterior e do setor de comunica\u00e7\u00e3o.<\/p>\n<p>O festival \u00e9 uma iniciativa da Associa\u00e7\u00e3o Brasileira de Propaganda (ABP) em parceria com a Associa\u00e7\u00e3o Objeto Brasil, entidade pioneira na promo\u00e7\u00e3o do design brasileiro no Brasil e no exterior.<\/p>\n<p>Categorias de design que ser\u00e3o avaliadas:<\/p>\n<p>Design de Embalagens, com avalia\u00e7\u00e3o estrutural e gr\u00e1fica do produto, levando em considera\u00e7\u00e3o a ergonomia, materiais, sistemas de seguran\u00e7a, resist\u00eancia e sustentabilidade;<\/p>\n<p>Identidade Visual: cria\u00e7\u00e3o e desenvolvimento de identidade corporativa;<\/p>\n<p>Publica\u00e7\u00f5es: livros, relat\u00f3rios anuais, cat\u00e1logos, brochuras;<\/p>\n<p>Design digital: website, cd-rom, quiosques\u00a0<em>touch-screen<\/em>;<\/p>\n<p>Design de Interiores e Ambientes: estandes, exposi\u00e7\u00f5es, quiosques, show-rooms, caf\u00e9s, hospitais, aeroportos, hospitais etc;<\/p>\n<p>Design promocional, com \u00eanfase em campanhas para a\u00e7\u00f5es de marketing e vendas;<\/p>\n<p>Digital: desenvolvimento de vinhetas e a\u00e7\u00f5es promocionais e institucionais.<\/p>\n<p>Os produtos e projetos inscritos ser\u00e3o avaliados em rela\u00e7\u00e3o \u00e0 sua elegibilidade e conformidade com os crit\u00e9rios estabelecidos e, posteriormente, concorrer\u00e3o \u00e0s L\u00e2mpadas de Ouro, Prata e Bronze.<\/p>\n<p>Para participar do Festival \u00e9 necess\u00e1rio comprovar a autoria e execu\u00e7\u00e3o do projeto. As inscri\u00e7\u00f5es poder\u00e3o ser feitas pela internet, no site\u00a0<span style=\"text-decoration: underline;\"><a href=\"http:\/\/www.abp.com.br\" target=\"_blank\">www.abp.com.br<\/a>,<\/span> mediante o preenchimento da ficha de inscri\u00e7\u00e3o e pagamento do boleto at\u00e9 o pr\u00f3ximo dia 4 de setembro.<\/p>\n<p>Esta data tamb\u00e9m \u00e9 o prazo-limite para a entrega das pe\u00e7as na sede da Associa\u00e7\u00e3o Objeto Brasil: Rua Francisco Leit\u00e3o, 699 \u2013 Pinheiros \u2013 Cep 05414-025 \u2013 S\u00e3o Paulo, SP.<\/p>\n<p><strong> O que \u00e9 a Objeto Brasil<\/strong> \u2013 Criada em 1996, a Associa\u00e7\u00e3o Objeto Brasil \u00e9 uma organiza\u00e7\u00e3o da sociedade civil de interesse p\u00fablico (OSCIP) voltada \u00e0 promo\u00e7\u00e3o do design brasileiro no Brasil e no mercado internacional. A entidade \u00e9 o \u00fanico membro brasileiro do International Council of Societies of Industrial Design (ICSID) e tem como diretora executiva Joice Joppert Leal.<\/p>\n","protected":false},"excerpt":{"rendered":"<p>Entre os dias 14 e 16 de setembro, ser\u00e1 realizada, no Hotel Copacabana Palace, Rio de Janeiro, a 35\u00aa edi\u00e7\u00e3o do Festival Brasileiro de Publicidade. O evento tem por objetivo divulgar trabalhos inovadores e estimular a troca de informa\u00e7\u00f5es entre estudantes e profissionais e profissionais do setor. Neste ano, a novidade do festival \u00e9 a [&hellip;]<\/p>\n","protected":false},"author":2,"featured_media":0,"comment_status":"open","ping_status":"open","sticky":false,"template":"","format":"standard","meta":{"tdm_status":"","tdm_grid_status":"","footnotes":""},"categories":[7],"tags":[],"class_list":{"0":"post-9695","1":"post","2":"type-post","3":"status-publish","4":"format-standard","6":"category-economia"},"_links":{"self":[{"href":"https:\/\/migracao.redenoticia.com.br\/noticia\/wp-json\/wp\/v2\/posts\/9695","targetHints":{"allow":["GET"]}}],"collection":[{"href":"https:\/\/migracao.redenoticia.com.br\/noticia\/wp-json\/wp\/v2\/posts"}],"about":[{"href":"https:\/\/migracao.redenoticia.com.br\/noticia\/wp-json\/wp\/v2\/types\/post"}],"author":[{"embeddable":true,"href":"https:\/\/migracao.redenoticia.com.br\/noticia\/wp-json\/wp\/v2\/users\/2"}],"replies":[{"embeddable":true,"href":"https:\/\/migracao.redenoticia.com.br\/noticia\/wp-json\/wp\/v2\/comments?post=9695"}],"version-history":[{"count":0,"href":"https:\/\/migracao.redenoticia.com.br\/noticia\/wp-json\/wp\/v2\/posts\/9695\/revisions"}],"wp:attachment":[{"href":"https:\/\/migracao.redenoticia.com.br\/noticia\/wp-json\/wp\/v2\/media?parent=9695"}],"wp:term":[{"taxonomy":"category","embeddable":true,"href":"https:\/\/migracao.redenoticia.com.br\/noticia\/wp-json\/wp\/v2\/categories?post=9695"},{"taxonomy":"post_tag","embeddable":true,"href":"https:\/\/migracao.redenoticia.com.br\/noticia\/wp-json\/wp\/v2\/tags?post=9695"}],"curies":[{"name":"wp","href":"https:\/\/api.w.org\/{rel}","templated":true}]}}