{"id":9702,"date":"2009-08-25T22:17:06","date_gmt":"2009-08-26T02:17:06","guid":{"rendered":"http:\/\/www.redenoticia.com.br\/noticia\/?p=9702"},"modified":"2009-08-26T00:55:35","modified_gmt":"2009-08-26T04:55:35","slug":"comeca-nesta-quarta-dia-26-o-ii-congresso-internacional-software-livre-e-governo-eletronico","status":"publish","type":"post","link":"https:\/\/migracao.redenoticia.com.br\/noticia\/2009\/comeca-nesta-quarta-dia-26-o-ii-congresso-internacional-software-livre-e-governo-eletronico\/9702","title":{"rendered":"Come\u00e7a nesta quarta, dia 26, o II Congresso Internacional Software Livre e Governo Eletr\u00f4nico"},"content":{"rendered":"<p>O presidente da Rep\u00fablica, Luiz In\u00e1cio Lula da Silva, deve participar da cerim\u00f4nia de abertura do II Congresso Internacional Software Livre e Governo Eletr\u00f4nico \u2013 Consegi 2009 \u2013, evento open source que integra as celebra\u00e7\u00f5es oficiais do Ano da Fran\u00e7a no Brasil. O congresso ser\u00e1 o principal evento de Tecnologia de Informa\u00e7\u00e3o do calend\u00e1rio do Ano da Fran\u00e7a no Brasil. O evento ser\u00e1 realizado de 26 a 28 de agosto em Bras\u00edlia, na Escola de Administra\u00e7\u00e3o Fazend\u00e1ria (Esaf).<br \/>\nDurante tr\u00eas dias, ser\u00e3o realizados no Consegi 75 palestras, 27 oficinas, 21 pain\u00e9is, o lan\u00e7amento de novos produtos e a assinatura de termos de coopera\u00e7\u00e3o e protocolos. No \u00e2mbito do Ano da Fran\u00e7a no Brasil, destaque para a participa\u00e7\u00e3o do Institut National de Recherche en Informatique et Automatique (Inria) e do Cons\u00f3rcio de Empresas de Software Livre\/OW2 \u2013 uma comunidade global de institui\u00e7\u00f5es europeias, asi\u00e1ticas e americanas \u2013, que mostrar\u00e3o solu\u00e7\u00f5es na \u00e1rea de tecnologia da informa\u00e7\u00e3o, apresentando as experi\u00eancias francesas com software livre, inclusive na \u00e1rea hospitalar.<br \/>\nO objetivo do Consegi \u00e9 proporcionar o debate entre representantes da administra\u00e7\u00e3o p\u00fablica e da sociedade civil organizada, contribuindo com o aprimoramento das pol\u00edticas p\u00fablicas de Tecnologias da Informa\u00e7\u00e3o e Comunica\u00e7\u00e3o. O evento \u00e9 fundamental em um contexto de discuss\u00e3o sobre as transforma\u00e7\u00f5es substanciais em plataformas e sistemas de TI, \u201ccloud computing\u201d \u2013 ou computa\u00e7\u00e3o em nuvem \u2013, abertura de c\u00f3digos de softwares de gest\u00e3o p\u00fablica e compartilhamento do conhecimento cient\u00edfico aplicado em softwares e sistemas.<br \/>\nO congresso tamb\u00e9m trar\u00e1 a\u00e7\u00f5es p\u00fablicas e do terceiro setor em inclus\u00e3o digital e promo\u00e7\u00e3o c\u00edvica de integra\u00e7\u00e3o de todos os segmentos sociais na era tecnol\u00f3gica. Al\u00e9m disso, a \u00e1rea externa da Esaf ter\u00e1 uma tenda cultural com oficinas de experimenta\u00e7\u00e3o tecnol\u00f3gica, anima\u00e7\u00e3o em 3D, aplica\u00e7\u00f5es gr\u00e1ficas e tratamento de imagens. Na agenda de shows, apresenta\u00e7\u00e3o da banda francesa Piramidi, e Ellen Ol\u00e9ria, Groove em 5, Mamulengo Presepada Brasileira, Orquestra de Meninos de Ceil\u00e2ndia e Pinga com Lim\u00e3o, entre outros.<br \/>\nO II Congresso Internacional Software Livre e Governo Eletr\u00f4nico ser\u00e1 realizado pela Escola de Administra\u00e7\u00e3o Fazend\u00e1ria (Esaf), em parceria com a Secretaria de Log\u00edstica e Tecnologia da Informa\u00e7\u00e3o (SLTI) do Minist\u00e9rio do Planejamento, sob coordena\u00e7\u00e3o t\u00e9cnica do Comit\u00ea T\u00e9cnico de Implementa\u00e7\u00e3o de Software Livre (CISL).<\/p>\n<p><strong>Servi\u00e7o:<\/strong><br \/>\nII Congresso Internacional Software Livre e Governo Eletr\u00f4nico \u2013 Consegi 2009<br \/>\nAbertura: 26 de agosto, \u00e0s 17h30<br \/>\nLocal: Escola de Administra\u00e7\u00e3o Fazend\u00e1ria \u2013 Esaf<br \/>\nEndere\u00e7o: Km 04 Estrada Bras\u00edlia\/Una\u00ed (Lago Sul)<br \/>\n<a href=\"http:\/\/www.consegi.gov.br\" target=\"_blank\">http:\/\/www.consegi.gov.br<\/a><\/p>\n<p>Os patrocinadores do\u00a0<strong>Ano da Fran\u00e7a no Brasil<\/strong> (\u00a0<a href=\"http:\/\/anodafrancanobrasil.cultura.gov.br\/\" target=\"_blank\">http:\/\/anodafrancanobrasil.cultura.gov.br\/<\/a>) s\u00e3o:<\/p>\n<p>Comit\u00ea dos patrocinadores franceses:<br \/>\nAccor, Air France, Alstom, Areva, Caixa Seguros, CNP Assurance, C\u00e2mara de Com\u00e9rcio Fran\u00e7a-Brasil, Dassault, DCNS, EADS, GDF SUEZ, Lafarge, PSAPeugeot Citro\u00ebn, Renault, Saint -Gobain, Safran, Thales, Vallourec.<\/p>\n<p>Patrocinadores brasileiros:<br \/>\nBanco Fidis, Banco Ita\u00fa, Bradesco, BNDES, Caixa Econ\u00f4mica Federal, Centro Cultural Banco do Brasil, Correios, Eletrobr\u00e1s, Fiat, Gol, Grupo P\u00e3o de A\u00e7\u00facar, Infraero, Oi, Petrobras, Santander, Serpro.<\/p>\n<p>Parceria e realiza\u00e7\u00e3o:<br \/>\nTV5, Ubifrance, Alian\u00e7a Francesa, CulturesFrance, Republique Fran\u00e7aise,TV Brasil, Minist\u00e9rio das Rela\u00e7\u00f5es Exteriores, Minist\u00e9rio da Cultura, Governo Federal do Brasil, SESC, SESC SP.<\/p>\n","protected":false},"excerpt":{"rendered":"<p>O presidente da Rep\u00fablica, Luiz In\u00e1cio Lula da Silva, deve participar da cerim\u00f4nia de abertura do II Congresso Internacional Software Livre e Governo Eletr\u00f4nico \u2013 Consegi 2009 \u2013, evento open source que integra as celebra\u00e7\u00f5es oficiais do Ano da Fran\u00e7a no Brasil. O congresso ser\u00e1 o principal evento de Tecnologia de Informa\u00e7\u00e3o do calend\u00e1rio do [&hellip;]<\/p>\n","protected":false},"author":2,"featured_media":0,"comment_status":"open","ping_status":"open","sticky":false,"template":"","format":"standard","meta":{"tdm_status":"","tdm_grid_status":"","footnotes":""},"categories":[22],"tags":[],"class_list":{"0":"post-9702","1":"post","2":"type-post","3":"status-publish","4":"format-standard","6":"category-brasil"},"_links":{"self":[{"href":"https:\/\/migracao.redenoticia.com.br\/noticia\/wp-json\/wp\/v2\/posts\/9702","targetHints":{"allow":["GET"]}}],"collection":[{"href":"https:\/\/migracao.redenoticia.com.br\/noticia\/wp-json\/wp\/v2\/posts"}],"about":[{"href":"https:\/\/migracao.redenoticia.com.br\/noticia\/wp-json\/wp\/v2\/types\/post"}],"author":[{"embeddable":true,"href":"https:\/\/migracao.redenoticia.com.br\/noticia\/wp-json\/wp\/v2\/users\/2"}],"replies":[{"embeddable":true,"href":"https:\/\/migracao.redenoticia.com.br\/noticia\/wp-json\/wp\/v2\/comments?post=9702"}],"version-history":[{"count":0,"href":"https:\/\/migracao.redenoticia.com.br\/noticia\/wp-json\/wp\/v2\/posts\/9702\/revisions"}],"wp:attachment":[{"href":"https:\/\/migracao.redenoticia.com.br\/noticia\/wp-json\/wp\/v2\/media?parent=9702"}],"wp:term":[{"taxonomy":"category","embeddable":true,"href":"https:\/\/migracao.redenoticia.com.br\/noticia\/wp-json\/wp\/v2\/categories?post=9702"},{"taxonomy":"post_tag","embeddable":true,"href":"https:\/\/migracao.redenoticia.com.br\/noticia\/wp-json\/wp\/v2\/tags?post=9702"}],"curies":[{"name":"wp","href":"https:\/\/api.w.org\/{rel}","templated":true}]}}