{"id":973,"date":"2009-04-29T22:43:21","date_gmt":"2009-04-30T02:43:21","guid":{"rendered":"http:\/\/www.redenoticia.com.br\/noticia\/?p=973"},"modified":"2009-04-29T22:43:21","modified_gmt":"2009-04-30T02:43:21","slug":"plano-de-emergencia-contra-a-gripe-suina-nos-principais-estados-brasileiros-parte-1","status":"publish","type":"post","link":"https:\/\/migracao.redenoticia.com.br\/noticia\/2009\/plano-de-emergencia-contra-a-gripe-suina-nos-principais-estados-brasileiros-parte-1\/973","title":{"rendered":"Plano de emerg\u00eancia contra a gripe suina nos principais estados brasileiros &#8211; parte 1"},"content":{"rendered":"<p><strong>S\u00c3O PAUL<\/strong>O &#8211; A Secretaria de Estado da Sa\u00fade definiu nesta segunda-feira, 27 de abril, um plano de emerg\u00eancia contra a gripe su\u00edna que atinge pa\u00edses como M\u00e9xico, Estados Unidos e Canad\u00e1. O objetivo \u00e9 mobilizar a rede para identificar casos suspeitos, realizar o monitoramento da circula\u00e7\u00e3o dos v\u00edrus de gripe e atender pacientes com sintomas de doen\u00e7a respirat\u00f3ria aguda.<\/p>\n<p>Foram estabelecidas oito unidades que ir\u00e3o funcionar como refer\u00eancia para o atendimento de poss\u00edveis casos suspeitos de gripe su\u00edna no Estado de S\u00e3o Paulo. Esses locais ficar\u00e3o de prontid\u00e3o para identificar qualquer caso, comunicar o fato imediatamente ao Centro de Vigil\u00e2ncia Epidemiol\u00f3gica (CVE) da Secretaria e colher materiais para exames.<\/p>\n<p>Das oito unidades, tr\u00eas ficam na capital: Hospital das Cl\u00ednicas de S\u00e3o Paulo, Instituto Em\u00edlio Ribas e Hospital S\u00e3o Paulo. No litoral a unidade de refer\u00eancia \u00e9 o Hospital Estadual Guilherme \u00c1lvaro, em Santos. J\u00e1 no interior h\u00e1 o Hospital das Cl\u00ednicas de Ribeir\u00e3o Preto, Hospital das Cl\u00ednicas de Campinas, Hospital Estadual de Bauru e Hospital de Base de S\u00e3o Jos\u00e9 do Rio Preto.<\/p>\n<p><strong>RIO DE JANEIR<\/strong>O &#8211; O secret\u00e1rio de Estado de Sa\u00fade e Defesa Civil, S\u00e9rgio C\u00f4rtes, e o secret\u00e1rio Municipal de Sa\u00fade e Defesa Civil, Hans Dohmann, anunciaram, hoje, a cria\u00e7\u00e3o do Gabinete Integrado de Emerg\u00eancia para a Influenza Su\u00edna no Estado do Rio de Janeiro. O \u00f3rg\u00e3o, que conta com t\u00e9cnicos das duas secretarias, tem como objetivo gerenciar informa\u00e7\u00f5es e definir protocolos relacionados aos casos de Influenza Su\u00edna. O an\u00fancio foi feito durante entrevista coletiva, na qual tamb\u00e9m foi apresentado o Plano de Emerg\u00eancia contra a doen\u00e7a, que atinge pa\u00edses como M\u00e9xico, Estados Unidos e Canad\u00e1. O objetivo \u00e9 mobilizar a rede de Sa\u00fade para identificar casos suspeitos, realizar o monitoramento da circula\u00e7\u00e3o dos v\u00edrus de gripe e atender pacientes com sintomas de doen\u00e7a respirat\u00f3ria aguda. O gabinete foi criado no \u00faltimo s\u00e1bado e ontem realizou sua primeira reuni\u00e3o.<\/p>\n<p><strong>ACRE<\/strong> &#8211; O Governo do Acre, a exemplo de outros Estados do pa\u00eds, j\u00e1 adotou medidas preventivas em rela\u00e7\u00e3o \u00e0 gripe su\u00edna. A Vigil\u00e2ncia Nacional Sanit\u00e1ria e Estadual realiza trabalho de inspe\u00e7\u00e3o e orienta\u00e7\u00e3o junto aos passageiros que desembarcam em Rio Branco. Al\u00e9m disso, acontecer\u00e1 o monitoramento por dez dias dos que apresentarem os sintomas da doen\u00e7a.<\/p>\n<p><strong>ROND\u00d4NIA<\/strong> &#8211; Na manh\u00e3 desta quarta-feira (29), o presidente da Ag\u00eancia de Defesa Sanit\u00e1ria Agrosilvopastoril de Rond\u00f4nia (Idaron), Augustinho Pastore, procurou tranquilizar a popula\u00e7\u00e3o do estado sobre o surto de Gripe Su\u00edna (Influenza), doen\u00e7a que foi confirmada em oito pa\u00edses e tem como principais focos o M\u00e9xico, onde morreram mais de 140 pessoas, e os Estados Unidos, que t\u00eam 25 casos confirmados. &quot;N\u00e3o h\u00e1 nenhuma possibilidade desta doen\u00e7a chegar at\u00e9 Rond\u00f4nia via animais, j\u00e1 que fazemos um monitoramento intensivo do transporte e abate de su\u00eddeos (su\u00ednos dom\u00e9sticos, selvagens e javalis) feitos dentro do estado&quot;, disse Pastore.<\/p>\n<p><strong>JI-PARAN\u00c1<\/strong> &#8211; O Secret\u00e1rio de Saude do munic\u00edpio de Ji-Paran\u00e1, procurado pela reportagem, n\u00e3o\u00a0 retornou as liga\u00e7\u00f5es.<\/p><\/p>\n","protected":false},"excerpt":{"rendered":"<p>S\u00c3O PAULO &#8211; A Secretaria de Estado da Sa\u00fade definiu nesta segunda-feira, 27 de abril, um plano de emerg\u00eancia contra a gripe su\u00edna que atinge pa\u00edses como M\u00e9xico, Estados Unidos e Canad\u00e1. O objetivo \u00e9 mobilizar a rede para identificar casos suspeitos, realizar o monitoramento da circula\u00e7\u00e3o dos v\u00edrus de gripe e atender pacientes com [&hellip;]<\/p>\n","protected":false},"author":2,"featured_media":0,"comment_status":"open","ping_status":"open","sticky":false,"template":"","format":"standard","meta":{"tdm_status":"","tdm_grid_status":"","footnotes":""},"categories":[5],"tags":[],"class_list":{"0":"post-973","1":"post","2":"type-post","3":"status-publish","4":"format-standard","6":"category-saude-e-vida"},"_links":{"self":[{"href":"https:\/\/migracao.redenoticia.com.br\/noticia\/wp-json\/wp\/v2\/posts\/973","targetHints":{"allow":["GET"]}}],"collection":[{"href":"https:\/\/migracao.redenoticia.com.br\/noticia\/wp-json\/wp\/v2\/posts"}],"about":[{"href":"https:\/\/migracao.redenoticia.com.br\/noticia\/wp-json\/wp\/v2\/types\/post"}],"author":[{"embeddable":true,"href":"https:\/\/migracao.redenoticia.com.br\/noticia\/wp-json\/wp\/v2\/users\/2"}],"replies":[{"embeddable":true,"href":"https:\/\/migracao.redenoticia.com.br\/noticia\/wp-json\/wp\/v2\/comments?post=973"}],"version-history":[{"count":0,"href":"https:\/\/migracao.redenoticia.com.br\/noticia\/wp-json\/wp\/v2\/posts\/973\/revisions"}],"wp:attachment":[{"href":"https:\/\/migracao.redenoticia.com.br\/noticia\/wp-json\/wp\/v2\/media?parent=973"}],"wp:term":[{"taxonomy":"category","embeddable":true,"href":"https:\/\/migracao.redenoticia.com.br\/noticia\/wp-json\/wp\/v2\/categories?post=973"},{"taxonomy":"post_tag","embeddable":true,"href":"https:\/\/migracao.redenoticia.com.br\/noticia\/wp-json\/wp\/v2\/tags?post=973"}],"curies":[{"name":"wp","href":"https:\/\/api.w.org\/{rel}","templated":true}]}}