{"id":9738,"date":"2009-08-26T15:09:23","date_gmt":"2009-08-26T19:09:23","guid":{"rendered":"http:\/\/www.redenoticia.com.br\/noticia\/?p=9738"},"modified":"2009-08-30T14:23:08","modified_gmt":"2009-08-30T18:23:08","slug":"tnt-luz-camera-e-muita-acao-e-hora-de-projeto-48","status":"publish","type":"post","link":"https:\/\/migracao.redenoticia.com.br\/noticia\/2009\/tnt-luz-camera-e-muita-acao-e-hora-de-projeto-48\/9738","title":{"rendered":"TNT Luz, c\u00e2mera e muita a\u00e7\u00e3o: \u00e9 hora de projeto 48"},"content":{"rendered":"<p><a href=\"https:\/\/migracao.redenoticia.com.br\/noticia\/imagens\/\/proj48.jpg\"><img loading=\"lazy\" decoding=\"async\" class=\"alignleft size-full wp-image-10154\" title=\"proj48\" src=\"https:\/\/migracao.redenoticia.com.br\/noticia\/imagens\/\/proj48.jpg\" alt=\"proj48\" width=\"150\" height=\"113\" \/><\/a>Na TNT, todos os s\u00e1bados e segundas-feiras, \u00e0s 17h, a partir do dia 5 de setembro*, o canal exibe nova etapa do reality show cinematogr\u00e1fico, desta vez reunindo participantes de tr\u00eas pa\u00edses diferentes. Verdadeiro reality show da S\u00e9tima Arte, o PROJETO 48 \u00e9 uma produ\u00e7\u00e3o original da TNT, que prop\u00f5e a uma equipe formada por tr\u00eas aspirantes a cineastas o desafio de, em apenas 48 horas, produzir, filmar e editar um curta-metragem. Este alucinante processo criativo j\u00e1 foi acompanhado em pa\u00edses como Brasil, Argentina, Chile, Venezuela, Peru, Col\u00f4mbia, M\u00e9xico e Panam\u00e1 &#8211; mas agora o programa chega a uma nova fase. Em TNT PROJETO 48 &#8211; O FILME, que estreia no dia 5 de setembro, o espectador acompanha ao mesmo tempo tr\u00eas times em diferentes pa\u00edses enquanto eles se desdobram para rodar sua obra-prima.\u00a0<\/p>\n<p>Nos 13 epis\u00f3dios in\u00e9ditos de PROJETO 48 &#8211; O FILME no TNT, os grupos de Brasil, Venezuela e Chile encaram uma fren\u00e9tica corrida contra o tempo. Afinal, eles ter\u00e3o apenas 48 horas para a realiza\u00e7\u00e3o de toda a pr\u00e9-produ\u00e7\u00e3o, incluindo finaliza\u00e7\u00e3o do roteiro, defini\u00e7\u00e3o de loca\u00e7\u00f5es, casting e &#8220;recrutamento&#8221; do resto da equipe t\u00e9cnica. Logo depois, eles ter\u00e3o que cumprir o cronograma para ter o filme prontinho em 48 horas. O rel\u00f3gio j\u00e1 est\u00e1 correndo.<\/p>\n<p>PROJETO 48 &#8211; O FILME vai ao ar todos os s\u00e1bados e segundas-feiras, \u00e0s 17h no TNT, a partir do dia 5 de setembro.<\/p>\n","protected":false},"excerpt":{"rendered":"<p>Na TNT, todos os s\u00e1bados e segundas-feiras, \u00e0s 17h, a partir do dia 5 de setembro*, o canal exibe nova etapa do reality show cinematogr\u00e1fico, desta vez reunindo participantes de tr\u00eas pa\u00edses diferentes. Verdadeiro reality show da S\u00e9tima Arte, o PROJETO 48 \u00e9 uma produ\u00e7\u00e3o original da TNT, que prop\u00f5e a uma equipe formada por [&hellip;]<\/p>\n","protected":false},"author":3,"featured_media":0,"comment_status":"open","ping_status":"open","sticky":false,"template":"","format":"standard","meta":{"tdm_status":"","tdm_grid_status":"","footnotes":""},"categories":[22,343],"tags":[],"class_list":{"0":"post-9738","1":"post","2":"type-post","3":"status-publish","4":"format-standard","6":"category-brasil","7":"category-televisao"},"_links":{"self":[{"href":"https:\/\/migracao.redenoticia.com.br\/noticia\/wp-json\/wp\/v2\/posts\/9738","targetHints":{"allow":["GET"]}}],"collection":[{"href":"https:\/\/migracao.redenoticia.com.br\/noticia\/wp-json\/wp\/v2\/posts"}],"about":[{"href":"https:\/\/migracao.redenoticia.com.br\/noticia\/wp-json\/wp\/v2\/types\/post"}],"author":[{"embeddable":true,"href":"https:\/\/migracao.redenoticia.com.br\/noticia\/wp-json\/wp\/v2\/users\/3"}],"replies":[{"embeddable":true,"href":"https:\/\/migracao.redenoticia.com.br\/noticia\/wp-json\/wp\/v2\/comments?post=9738"}],"version-history":[{"count":0,"href":"https:\/\/migracao.redenoticia.com.br\/noticia\/wp-json\/wp\/v2\/posts\/9738\/revisions"}],"wp:attachment":[{"href":"https:\/\/migracao.redenoticia.com.br\/noticia\/wp-json\/wp\/v2\/media?parent=9738"}],"wp:term":[{"taxonomy":"category","embeddable":true,"href":"https:\/\/migracao.redenoticia.com.br\/noticia\/wp-json\/wp\/v2\/categories?post=9738"},{"taxonomy":"post_tag","embeddable":true,"href":"https:\/\/migracao.redenoticia.com.br\/noticia\/wp-json\/wp\/v2\/tags?post=9738"}],"curies":[{"name":"wp","href":"https:\/\/api.w.org\/{rel}","templated":true}]}}