{"id":9740,"date":"2009-08-26T15:19:38","date_gmt":"2009-08-26T19:19:38","guid":{"rendered":"http:\/\/www.redenoticia.com.br\/noticia\/?p=9740"},"modified":"2009-08-30T14:34:20","modified_gmt":"2009-08-30T18:34:20","slug":"space-sky-e-tva-apresenta-30-noites-30-filmes","status":"publish","type":"post","link":"https:\/\/migracao.redenoticia.com.br\/noticia\/2009\/space-sky-e-tva-apresenta-30-noites-30-filmes\/9740","title":{"rendered":"Space Sky e TVA apresenta 30 noites, 30 filmes"},"content":{"rendered":"<p><a href=\"https:\/\/migracao.redenoticia.com.br\/noticia\/imagens\/\/filmes.jpg\"><img loading=\"lazy\" decoding=\"async\" class=\"alignleft size-full wp-image-10161\" title=\"filmes\" src=\"https:\/\/migracao.redenoticia.com.br\/noticia\/imagens\/\/filmes.jpg\" alt=\"filmes\" width=\"150\" height=\"113\" \/><\/a>Space Sky e TVA &#8211; Todos os dias do m\u00eas de setembro, sempre \u00e0s 22h*, o canal Space exibe uma sess\u00e3o especial de cinema com g\u00eaneros para todos os gostos. Tanto faz se voc\u00ea gosta de suspense, terror, a\u00e7\u00e3o ou filmes de faroeste. Ou se voc\u00ea \u00e9 f\u00e3 de Bruce Willis, Keanu Reeves, Anthony Hopkins ou George Clooney. Em setembro, o Space preparou um espa\u00e7o especial na sua programa\u00e7\u00e3o para atender aos gostos dos mais diferentes f\u00e3s de cinema. Durante todo o m\u00eas de setembro, sempre \u00e0s 22h, vai ao ar 30 NOITES, 30 FILMES, sele\u00e7\u00e3o Space que re\u00fane as melhores produ\u00e7\u00f5es da programa\u00e7\u00e3o do canal.\u00a0<br \/>\n30 NOITES, 30 FILMES abre e se encerra com duas musas do cinema Space &#8211; no dia 1\u00ba, Angelina Jolie em Roubando Vidas e, no dia 30, Halle Berry em Mulher-Gato. Mas tamb\u00e9m vai ter espa\u00e7o para bonit\u00f5es como Brad Pitt (Tr\u00f3ia), Hugh Jackman (Van Helsing) e Nicolas Cage (60 Segundos). Est\u00e3o l\u00e1 ainda os her\u00f3is de quadrinhos (Blade II, Batman &amp; Robin, Constantine), os matadores sem piedade (Hannibal, Jason X) e os charmosos grupos de ladr\u00f5es (O Assalto, Doze Homens e Outro Segredo). Vai ser melhor fazer um verdadeiro estoque de sacos de pipoca.<\/p>\n<p>Confira abaixo a programa\u00e7\u00e3o completa do bloco de programa\u00e7\u00e3o 30 NOITES, 30 FILMES Space, sempre \u00e0s 22h:<\/p>\n<p>Ter\u00e7a-feira, dia 1\u00ba de setembro<br \/>\nROUBANDO VIDAS (Taking Lives)<\/p>\n<p>Quarta-feira, dia 2 de setembro<br \/>\nDRAG\u00c3O VERMELHO (Red Dragon)<\/p>\n<p>Quinta-feira, dia 3 de setembro<br \/>\nHANNIBAL (Idem)<\/p>\n<p>Sexta-feira, dia 4 de setembro<br \/>\nHORROR EM AMITYVILLE (The Amityville Horror)<\/p>\n<p>S\u00e1bado, dia 5 de setembro<br \/>\nO SEXTO SENTIDO (The Sixth Sense)<\/p>\n<p>Domingo, dia 6 de setembro<br \/>\nVELOZES E FURIOSOS (The Fast and the Furious)<\/p>\n<p>Segunda-feira, dia 7 de setembro<br \/>\nBLADE II &#8211; O CA\u00c7ADOR DE VAMPIROS (Blade II)<\/p>\n<p>Ter\u00e7a-feira, dia 8 de setembro<br \/>\n16 QUADRAS (16 Blocks)<\/p>\n<p>Quarta-feira, dia 9 de setembro<br \/>\nO ASSALTO (Heist)<\/p>\n<p>Quinta-feira, dia 10 de setembro<br \/>\nFALC\u00c3O NEGRO EM PERIGO (Black Hawk Down)<\/p>\n<p>Sexta-feira, dia 11 de setembro<br \/>\nDOOM &#8211; A PORTA DO INFERNO (Doom)<\/p>\n<p>S\u00e1bado, dia 12 de setembro<br \/>\nTR\u00d3IA (Troy)<\/p>\n<p>Domingo, dia 13 de setembro<br \/>\nMENINOS E LOBOS (Mystic River)<\/p>\n<p>Segunda-feira, dia 14 de setembro<br \/>\nPACTO DE JUSTI\u00c7A (Open Range)<\/p>\n<p>Ter\u00e7a-feira, dia 15 de setembro<br \/>\nD\u00cdVIDA DE SANGUE (Blood Work)<\/p>\n<p>Quarta-feira, dia 16 de setembro<br \/>\nVAN HELSING: O CA\u00c7ADOR DE MONSTROS (Van Helsing)<\/p>\n<p>Quinta-feira, dia 17 de setembro<br \/>\nCONSTANTINE (Idem)<\/p>\n<p>Sexta-feira, dia 18 de setembro<br \/>\nJASON X (Idem)<\/p>\n<p>S\u00e1bad, dia 19 de setembro<br \/>\nVOZES DO AL\u00c9M (White Noise)<\/p>\n<p>Domingo, dia 20 de setembro<br \/>\nPROTEGIDA POR UM ANJO (Half Light)<\/p>\n<p>Segunda-feira, dia 21 de setembro<br \/>\nVIVENDO NO LIMITE (Bringing Out The Dead)<\/p>\n<p>Ter\u00e7a-feira, dia 22 de setembro<br \/>\nBATMAN &amp; ROBIN (Idem)<\/p>\n<p>Quarta-feira, dia 23 de setembro<br \/>\nDOZE HOMENS E OUTRO SEGREDO (Ocean&#8221;s Twelve)<\/p>\n<p>Quinta-feira, dia 24 de setembro<br \/>\n60 SEGUNDOS (Gone In Sixty Seconds)<\/p>\n<p>Sexta-feira, dia 25 de setembro<br \/>\nEXORCISTA &#8211; O IN\u00cdCIO (Exorcist: The Beginning)<\/p>\n<p>S\u00e1bado, dia 26 de setembro<br \/>\nLENDA URBANA 2 (Urban Legends: The Final Cut)<\/p>\n<p>Domingo, dia 27 de setembro<br \/>\nO VINGADOR (A Man Apart)<\/p>\n<p>Segunda-feira, dia 28 de setembro<br \/>\nBRIGADA 49 (Ladder 49)<\/p>\n<p>Ter\u00e7a-feira, dia 29 de setembro<br \/>\nCELULAR &#8211; UM GRITO DE SOCORRO (Cellular)<\/p>\n<p>Quarta-feira, dia 30 de setembro<br \/>\nMULHER-GATO (Catwoman)\u00a0<\/p>\n<p>Fonte Space Sky e TVA<\/p>\n","protected":false},"excerpt":{"rendered":"<p>Space Sky e TVA &#8211; Todos os dias do m\u00eas de setembro, sempre \u00e0s 22h*, o canal Space exibe uma sess\u00e3o especial de cinema com g\u00eaneros para todos os gostos. Tanto faz se voc\u00ea gosta de suspense, terror, a\u00e7\u00e3o ou filmes de faroeste. Ou se voc\u00ea \u00e9 f\u00e3 de Bruce Willis, Keanu Reeves, Anthony Hopkins [&hellip;]<\/p>\n","protected":false},"author":3,"featured_media":0,"comment_status":"open","ping_status":"open","sticky":false,"template":"","format":"standard","meta":{"tdm_status":"","tdm_grid_status":"","footnotes":""},"categories":[22,343],"tags":[],"class_list":{"0":"post-9740","1":"post","2":"type-post","3":"status-publish","4":"format-standard","6":"category-brasil","7":"category-televisao"},"_links":{"self":[{"href":"https:\/\/migracao.redenoticia.com.br\/noticia\/wp-json\/wp\/v2\/posts\/9740","targetHints":{"allow":["GET"]}}],"collection":[{"href":"https:\/\/migracao.redenoticia.com.br\/noticia\/wp-json\/wp\/v2\/posts"}],"about":[{"href":"https:\/\/migracao.redenoticia.com.br\/noticia\/wp-json\/wp\/v2\/types\/post"}],"author":[{"embeddable":true,"href":"https:\/\/migracao.redenoticia.com.br\/noticia\/wp-json\/wp\/v2\/users\/3"}],"replies":[{"embeddable":true,"href":"https:\/\/migracao.redenoticia.com.br\/noticia\/wp-json\/wp\/v2\/comments?post=9740"}],"version-history":[{"count":0,"href":"https:\/\/migracao.redenoticia.com.br\/noticia\/wp-json\/wp\/v2\/posts\/9740\/revisions"}],"wp:attachment":[{"href":"https:\/\/migracao.redenoticia.com.br\/noticia\/wp-json\/wp\/v2\/media?parent=9740"}],"wp:term":[{"taxonomy":"category","embeddable":true,"href":"https:\/\/migracao.redenoticia.com.br\/noticia\/wp-json\/wp\/v2\/categories?post=9740"},{"taxonomy":"post_tag","embeddable":true,"href":"https:\/\/migracao.redenoticia.com.br\/noticia\/wp-json\/wp\/v2\/tags?post=9740"}],"curies":[{"name":"wp","href":"https:\/\/api.w.org\/{rel}","templated":true}]}}