{"id":978,"date":"2009-04-30T08:54:23","date_gmt":"2009-04-30T12:54:23","guid":{"rendered":"http:\/\/www.redenoticia.com.br\/noticia\/?p=978"},"modified":"2009-04-30T08:54:23","modified_gmt":"2009-04-30T12:54:23","slug":"perdoada-dividas-de-ate-r10-mil-com-receita","status":"publish","type":"post","link":"https:\/\/migracao.redenoticia.com.br\/noticia\/2009\/perdoada-dividas-de-ate-r10-mil-com-receita\/978","title":{"rendered":"Perdoada d\u00edvidas de at\u00e9 R$10 mil com Receita"},"content":{"rendered":"<p>O Senado aprovou nesta quarta-feira a medida provis\u00f3ria 449, que perdoa e refinancia d\u00edvidas de contribuintes com a Uni\u00e3o.<\/p>\n<p>A MP perdoa d\u00edvidas de at\u00e9 10 mil reais com a Receita Federal vencidas at\u00e9 31 de dezembro de 2002.<\/p>\n<p>O texto tamb\u00e9m concede um novo parcelamento de d\u00e9bitos, inclusive para quem participou ou perdeu parcelamentos anteriores e permite que todos os d\u00e9bitos de contribuintes vencidos at\u00e9 30 de novembro de 2008 sejam parcelados em at\u00e9 180 meses com descontos nos juros e multas.<\/p>\n<p>Na sess\u00e3o de vota\u00e7\u00e3o, o PSDB questionou as condi\u00e7\u00f5es favor\u00e1veis do perd\u00e3o de multas e de juros.<\/p>\n<p>O governo argumenta que, al\u00e9m de beneficiar as pessoas f\u00edsicas em um momento delicado da economia, a medida fortalecer\u00e1 as empresas para combater os efeitos da crise financeira global.<\/p>\n<h5>Agencia Estado<\/h5>\n","protected":false},"excerpt":{"rendered":"<p>O Senado aprovou nesta quarta-feira a medida provis\u00f3ria 449, que perdoa e refinancia d\u00edvidas de contribuintes com a Uni\u00e3o. A MP perdoa d\u00edvidas de at\u00e9 10 mil reais com a Receita Federal vencidas at\u00e9 31 de dezembro de 2002. O texto tamb\u00e9m concede um novo parcelamento de d\u00e9bitos, inclusive para quem participou ou perdeu parcelamentos [&hellip;]<\/p>\n","protected":false},"author":2,"featured_media":0,"comment_status":"open","ping_status":"open","sticky":false,"template":"","format":"standard","meta":{"tdm_status":"","tdm_grid_status":"","footnotes":""},"categories":[22],"tags":[],"class_list":{"0":"post-978","1":"post","2":"type-post","3":"status-publish","4":"format-standard","6":"category-brasil"},"_links":{"self":[{"href":"https:\/\/migracao.redenoticia.com.br\/noticia\/wp-json\/wp\/v2\/posts\/978","targetHints":{"allow":["GET"]}}],"collection":[{"href":"https:\/\/migracao.redenoticia.com.br\/noticia\/wp-json\/wp\/v2\/posts"}],"about":[{"href":"https:\/\/migracao.redenoticia.com.br\/noticia\/wp-json\/wp\/v2\/types\/post"}],"author":[{"embeddable":true,"href":"https:\/\/migracao.redenoticia.com.br\/noticia\/wp-json\/wp\/v2\/users\/2"}],"replies":[{"embeddable":true,"href":"https:\/\/migracao.redenoticia.com.br\/noticia\/wp-json\/wp\/v2\/comments?post=978"}],"version-history":[{"count":0,"href":"https:\/\/migracao.redenoticia.com.br\/noticia\/wp-json\/wp\/v2\/posts\/978\/revisions"}],"wp:attachment":[{"href":"https:\/\/migracao.redenoticia.com.br\/noticia\/wp-json\/wp\/v2\/media?parent=978"}],"wp:term":[{"taxonomy":"category","embeddable":true,"href":"https:\/\/migracao.redenoticia.com.br\/noticia\/wp-json\/wp\/v2\/categories?post=978"},{"taxonomy":"post_tag","embeddable":true,"href":"https:\/\/migracao.redenoticia.com.br\/noticia\/wp-json\/wp\/v2\/tags?post=978"}],"curies":[{"name":"wp","href":"https:\/\/api.w.org\/{rel}","templated":true}]}}