{"id":97970,"date":"2016-10-21T19:14:15","date_gmt":"2016-10-21T21:14:15","guid":{"rendered":"http:\/\/www.redenoticia.com.br\/noticia\/?p=97970"},"modified":"2016-10-21T16:17:58","modified_gmt":"2016-10-21T18:17:58","slug":"novela-cumplices-de-um-resgate-resumo-2410-benjamim-discute-com-omar","status":"publish","type":"post","link":"https:\/\/migracao.redenoticia.com.br\/noticia\/2016\/novela-cumplices-de-um-resgate-resumo-2410-benjamim-discute-com-omar\/97970","title":{"rendered":"Novela \u201cC\u00famplices de um Resgate\u201d resumo 24\/10: Benjamim discute com Omar"},"content":{"rendered":"<p> <img loading=\"lazy\" decoding=\"async\" class=\"alignleft size-thumbnail wp-image-71351\" src=\"https:\/\/migracao.redenoticia.com.br\/noticia\/imagens\/cumplices_de_um_resgate_sbt_novela_resumo-150x112.jpg\" alt=\"cumplices_de_um_resgate_sbt_novela_resumo\" width=\"150\" height=\"112\" srcset=\"https:\/\/migracao.redenoticia.com.br\/noticia\/imagens\/cumplices_de_um_resgate_sbt_novela_resumo-150x112.jpg 150w, https:\/\/migracao.redenoticia.com.br\/noticia\/imagens\/cumplices_de_um_resgate_sbt_novela_resumo-265x198.jpg 265w\" sizes=\"auto, (max-width: 150px) 100vw, 150px\" \/><strong><em>Novela \u201cC\u00famplices de um Resgate\u201d resumo 24\/10<\/em><\/strong>: Omar pede para conversar com Chlo\u00e9. O garoto pede para que ela volte para a banda por estar desesperado. Ele conta que sua m\u00e3e precisa de um tratamento m\u00e9dico que \u00e9 muito caro, e que o pr\u00eamio do concurso pode ser a salva\u00e7\u00e3o para ele e sua m\u00e3e. Chlo\u00e9 pede um tempo para pensar. Mais tarde, Insanos gravam o v\u00eddeo de inscri\u00e7\u00e3o para participar do programa de bandas da TV, Chlo\u00e9 chega e anuncia que est\u00e1 de volta no grupo. Logo depois, Benjamim e Omar se desentendem e brigam na gravadora Top Records.<\/p>\n<p>No cap\u00edtulo 321(*), novela \u201cC\u00famplice de um Resgate\u201d, segunda-feira, 24 de outubro \u2013 Isabela diz que n\u00e3o acredita no que Maur\u00edcio tem a dizer. A garota discute com Manuela por ter montado a situa\u00e7\u00e3o para que ela encontrasse com Maur\u00edcio. Meire e Dinho planejam como aumentar o sucesso da banda que est\u00e3o montando. T\u00e9o decide sair da banda \u201cManuela e Seus Amigos\u201d. <\/p>\n<p>Insanos gravam o v\u00eddeo de inscri\u00e7\u00e3o para participar do programa de bandas da TV. Chlo\u00e9 chega e anuncia que est\u00e1 de volta no grupo. Enquanto isso, Meire se veste de Xuxa e faz Dinho e Lola se vestirem de paquitas. Eles tamb\u00e9m gravam um v\u00eddeo de inscri\u00e7\u00e3o para o concurso de bandas, com a m\u00fasica \u201cIlari\u00ea\u201d. <\/p>\n<p>Sabrina entra no lugar de T\u00e9o na banda do vilarejo dos Sonhos. Ap\u00f3s roubar dinheiro de um banco com Navarro e Vargas, Sandro decide entregar sua parte para moradores de rua. Benjamim e Omar brigam na gravadora Top Records. Maur\u00edcio diz para Manuela que arrumou um emprego no Vilarejo dos Sonhos.<\/p>\n<p>(*) edi\u00e7\u00e3o do SBT, Novela \u201cC\u00famplices de um Resgate\u201d, sujeito a altera\u00e7\u00e3o de data e conte\u00fado.<\/p>\n","protected":false},"excerpt":{"rendered":"<p>Novela \u201cC\u00famplices de um Resgate\u201d resumo 24\/10: Omar pede para conversar com Chlo\u00e9. O garoto pede para que ela volte para a banda por estar desesperado. Ele conta que sua m\u00e3e precisa de um tratamento m\u00e9dico que \u00e9 muito caro, e que o pr\u00eamio do concurso pode ser a salva\u00e7\u00e3o para ele e sua m\u00e3e. [&hellip;]<\/p>\n","protected":false},"author":2,"featured_media":71351,"comment_status":"open","ping_status":"closed","sticky":false,"template":"","format":"standard","meta":{"tdm_status":"","tdm_grid_status":"","footnotes":""},"categories":[379,372,343],"tags":[441],"class_list":{"0":"post-97970","1":"post","2":"type-post","3":"status-publish","4":"format-standard","5":"has-post-thumbnail","7":"category-novelas","8":"category-sbt","9":"category-televisao","10":"tag-resumo-do-dia"},"_links":{"self":[{"href":"https:\/\/migracao.redenoticia.com.br\/noticia\/wp-json\/wp\/v2\/posts\/97970","targetHints":{"allow":["GET"]}}],"collection":[{"href":"https:\/\/migracao.redenoticia.com.br\/noticia\/wp-json\/wp\/v2\/posts"}],"about":[{"href":"https:\/\/migracao.redenoticia.com.br\/noticia\/wp-json\/wp\/v2\/types\/post"}],"author":[{"embeddable":true,"href":"https:\/\/migracao.redenoticia.com.br\/noticia\/wp-json\/wp\/v2\/users\/2"}],"replies":[{"embeddable":true,"href":"https:\/\/migracao.redenoticia.com.br\/noticia\/wp-json\/wp\/v2\/comments?post=97970"}],"version-history":[{"count":0,"href":"https:\/\/migracao.redenoticia.com.br\/noticia\/wp-json\/wp\/v2\/posts\/97970\/revisions"}],"wp:featuredmedia":[{"embeddable":true,"href":"https:\/\/migracao.redenoticia.com.br\/noticia\/wp-json\/wp\/v2\/media\/71351"}],"wp:attachment":[{"href":"https:\/\/migracao.redenoticia.com.br\/noticia\/wp-json\/wp\/v2\/media?parent=97970"}],"wp:term":[{"taxonomy":"category","embeddable":true,"href":"https:\/\/migracao.redenoticia.com.br\/noticia\/wp-json\/wp\/v2\/categories?post=97970"},{"taxonomy":"post_tag","embeddable":true,"href":"https:\/\/migracao.redenoticia.com.br\/noticia\/wp-json\/wp\/v2\/tags?post=97970"}],"curies":[{"name":"wp","href":"https:\/\/api.w.org\/{rel}","templated":true}]}}