{"id":97982,"date":"2016-10-21T17:00:16","date_gmt":"2016-10-21T19:00:16","guid":{"rendered":"http:\/\/www.redenoticia.com.br\/noticia\/?p=97982"},"modified":"2016-10-21T17:00:16","modified_gmt":"2016-10-21T19:00:16","slug":"giovanna-rispoli-e-confirmada-na-serie-carcereiros","status":"publish","type":"post","link":"https:\/\/migracao.redenoticia.com.br\/noticia\/2016\/giovanna-rispoli-e-confirmada-na-serie-carcereiros\/97982","title":{"rendered":"Giovanna Rispoli \u00e9 confirmada na s\u00e9rie &#8220;Carcereiros&#8221;"},"content":{"rendered":"<p><img loading=\"lazy\" decoding=\"async\" src=\"https:\/\/migracao.redenoticia.com.br\/noticia\/imagens\/Giovanna-Rispoli-150x112.jpg\" alt=\"giovanna-rispoli\" width=\"150\" height=\"112\" class=\"alignleft size-thumbnail wp-image-97983\" srcset=\"https:\/\/migracao.redenoticia.com.br\/noticia\/imagens\/Giovanna-Rispoli-150x112.jpg 150w, https:\/\/migracao.redenoticia.com.br\/noticia\/imagens\/Giovanna-Rispoli-265x198.jpg 265w\" sizes=\"auto, (max-width: 150px) 100vw, 150px\" \/>Ap\u00f3s o bem sucedido trabalho na novela Totalmente Demais, na Rede Globo, a atriz <strong><em>Giovanna Rispoli<\/em><\/strong> se prepara para seus novos trabalhos. A paulista, que atualmente mora no Rio de Janeiro por conta da carreira, j\u00e1 \u00e9 nome confirmado para a pr\u00f3xima s\u00e9rie &#8220;Carcereiros&#8221;, da mesma emissora, e tamb\u00e9m participar\u00e1 de um longa, Fala s\u00e9rio M\u00e3e.<\/p>\n<p>Inspirado em uma obra de Drauzio Varella, &#8220;Carcereiros&#8221; j\u00e1 \u00e9 uma grande expectativa da emissora. Na trama, Giovanna far\u00e1 parte do n\u00facleo protagonista, filha de Rodrigo Lombardi. <\/p>\n<p>\u201cEstamos muito felizes com mais uma empreitada desafiadora para a pequena not\u00e1vel Giovanna, al\u00e9m da s\u00e9rie da Globo, ela j\u00e1 est\u00e1 confirmada para o longa Fala S\u00e9rio M\u00e3e, me enche de orgulho acompanhar bem de pertinho a trajet\u00f3ria bonita que a carreira dela est\u00e1 tomando\u201d conta Aline Cintra, empresaria da jovem artista.<\/p>\n<p>&#8212;<br \/>\nWiki: Giovanna Rispoli come\u00e7ou a fazer teatro com apenas 7 anos de idade na cidade de S\u00e3o Paulo, onde fez trabalhos publicit\u00e1rios diversos (campanhas para jornais, revistas e televis\u00e3o, dublagens e m\u00eddia corporativa). Aos 9 anos fez testes para a novela Avenida Brasil e, com 10, o filme brasileiro O Menino no Espelho, no qual viveu a doce e esperta Mariana. J\u00e1 com 11 anos de idade atuou na novela Em Fam\u00edlia, interpretando a grande vil\u00e3 maldosa Shirley na 1\u00aa fase. Em 2014, fez sucesso ao interpretar a vil\u00e3 c\u00f4mica e espevitada Cl\u00e1udia, na novela Boogie Oogie, na Globo. Tamb\u00e9m na Rede Globo, em 2015, fez o papel da rebelde Joj\u00f4, na novela Totalmente Demais.<\/p>\n","protected":false},"excerpt":{"rendered":"<p>Ap\u00f3s o bem sucedido trabalho na novela Totalmente Demais, na Rede Globo, a atriz Giovanna Rispoli se prepara para seus novos trabalhos. A paulista, que atualmente mora no Rio de Janeiro por conta da carreira, j\u00e1 \u00e9 nome confirmado para a pr\u00f3xima s\u00e9rie &#8220;Carcereiros&#8221;, da mesma emissora, e tamb\u00e9m participar\u00e1 de um longa, Fala s\u00e9rio [&hellip;]<\/p>\n","protected":false},"author":2,"featured_media":97983,"comment_status":"open","ping_status":"closed","sticky":false,"template":"","format":"standard","meta":{"tdm_status":"","tdm_grid_status":"","footnotes":""},"categories":[379,375,343],"tags":[440],"class_list":{"0":"post-97982","1":"post","2":"type-post","3":"status-publish","4":"format-standard","5":"has-post-thumbnail","7":"category-novelas","8":"category-rede-globo","9":"category-televisao","10":"tag-noticia-novela"},"_links":{"self":[{"href":"https:\/\/migracao.redenoticia.com.br\/noticia\/wp-json\/wp\/v2\/posts\/97982","targetHints":{"allow":["GET"]}}],"collection":[{"href":"https:\/\/migracao.redenoticia.com.br\/noticia\/wp-json\/wp\/v2\/posts"}],"about":[{"href":"https:\/\/migracao.redenoticia.com.br\/noticia\/wp-json\/wp\/v2\/types\/post"}],"author":[{"embeddable":true,"href":"https:\/\/migracao.redenoticia.com.br\/noticia\/wp-json\/wp\/v2\/users\/2"}],"replies":[{"embeddable":true,"href":"https:\/\/migracao.redenoticia.com.br\/noticia\/wp-json\/wp\/v2\/comments?post=97982"}],"version-history":[{"count":0,"href":"https:\/\/migracao.redenoticia.com.br\/noticia\/wp-json\/wp\/v2\/posts\/97982\/revisions"}],"wp:featuredmedia":[{"embeddable":true,"href":"https:\/\/migracao.redenoticia.com.br\/noticia\/wp-json\/wp\/v2\/media\/97983"}],"wp:attachment":[{"href":"https:\/\/migracao.redenoticia.com.br\/noticia\/wp-json\/wp\/v2\/media?parent=97982"}],"wp:term":[{"taxonomy":"category","embeddable":true,"href":"https:\/\/migracao.redenoticia.com.br\/noticia\/wp-json\/wp\/v2\/categories?post=97982"},{"taxonomy":"post_tag","embeddable":true,"href":"https:\/\/migracao.redenoticia.com.br\/noticia\/wp-json\/wp\/v2\/tags?post=97982"}],"curies":[{"name":"wp","href":"https:\/\/api.w.org\/{rel}","templated":true}]}}