{"id":98004,"date":"2016-10-21T19:37:54","date_gmt":"2016-10-21T21:37:54","guid":{"rendered":"http:\/\/www.redenoticia.com.br\/noticia\/?p=98004"},"modified":"2016-10-21T19:37:54","modified_gmt":"2016-10-21T21:37:54","slug":"novela-sol-nascente-resumo-2210-carolina-conta-para-mario-que-esta-gravida","status":"publish","type":"post","link":"https:\/\/migracao.redenoticia.com.br\/noticia\/2016\/novela-sol-nascente-resumo-2210-carolina-conta-para-mario-que-esta-gravida\/98004","title":{"rendered":"Novela \u201cSol Nascente\u201d resumo 22\/10: Carolina conta para Mario que est\u00e1 gr\u00e1vida"},"content":{"rendered":"<p> <img loading=\"lazy\" decoding=\"async\" class=\"alignleft size-thumbnail wp-image-91714\" src=\"https:\/\/migracao.redenoticia.com.br\/noticia\/imagens\/sol_nascente_resumo_novela_globo-150x112.jpg\" alt=\"sol_nascente_resumo_novela_globo\" width=\"150\" height=\"112\" srcset=\"https:\/\/migracao.redenoticia.com.br\/noticia\/imagens\/sol_nascente_resumo_novela_globo-150x112.jpg 150w, https:\/\/migracao.redenoticia.com.br\/noticia\/imagens\/sol_nascente_resumo_novela_globo-265x198.jpg 265w\" sizes=\"auto, (max-width: 150px) 100vw, 150px\" \/><strong><em>Novela \u201cSol Nascente\u201d resumo 22\/10<\/em><\/strong>: com um teste de farm\u00e1cia na m\u00e3o, Carol d\u00e1 a not\u00edcia a C\u00e9sar e fica surpresa com a rea\u00e7\u00e3o dele. O vil\u00e3o fica animado e tenta convencer a comparsa a usar o filho para prender Mario, mas ela revela que pretende abortar e pede dois milh\u00f5es de reais para desistir da ideia e levar o plano adiante. Carolina conta para Mario que est\u00e1 gr\u00e1vida. <\/p>\n<p>No cap\u00edtulo 047(*), novela \u201cSol Nascente\u201d, s\u00e1bado, 22 de outubro \u2013 Mario tenta acalmar os av\u00f3s. Milena procura Lenita para desabafar. Cesar mente em seu depoimento na delegacia. Lenita fica incomodada quando Milena afirma que queria seus pais juntos novamente. Nuno n\u00e3o gosta da ideia de trabalhar com os pescadores da Arraial Pescados. <\/p>\n<p>Mario se irrita quando o delegado Mesquita sugere que o sinalizador feito por ele provocou a explos\u00e3o na traineira. Alice lembra que se declarou para Mario. Carolina e Cesar passam a noite juntos. Vittorio estranha o comportamento de Milena. <\/p>\n<p>Mario garante para Alice que seu sinalizador n\u00e3o provocou a explos\u00e3o. Cesar e Alice providenciam a transfer\u00eancia de Tanaka para o hospital de S\u00e3o Paulo. Carolina diz para Mario que est\u00e1 gr\u00e1vida.<\/p>\n<p>(*) edi\u00e7\u00e3o da Rede Globo, Novela \u201cSol Nascente\u201d, sujeito a altera\u00e7\u00e3o de data e conte\u00fado. <\/p>\n","protected":false},"excerpt":{"rendered":"<p>Novela \u201cSol Nascente\u201d resumo 22\/10: com um teste de farm\u00e1cia na m\u00e3o, Carol d\u00e1 a not\u00edcia a C\u00e9sar e fica surpresa com a rea\u00e7\u00e3o dele. O vil\u00e3o fica animado e tenta convencer a comparsa a usar o filho para prender Mario, mas ela revela que pretende abortar e pede dois milh\u00f5es de reais para desistir [&hellip;]<\/p>\n","protected":false},"author":2,"featured_media":93943,"comment_status":"open","ping_status":"closed","sticky":false,"template":"","format":"standard","meta":{"tdm_status":"","tdm_grid_status":"","footnotes":""},"categories":[379,375,343],"tags":[441],"class_list":{"0":"post-98004","1":"post","2":"type-post","3":"status-publish","4":"format-standard","5":"has-post-thumbnail","7":"category-novelas","8":"category-rede-globo","9":"category-televisao","10":"tag-resumo-do-dia"},"_links":{"self":[{"href":"https:\/\/migracao.redenoticia.com.br\/noticia\/wp-json\/wp\/v2\/posts\/98004","targetHints":{"allow":["GET"]}}],"collection":[{"href":"https:\/\/migracao.redenoticia.com.br\/noticia\/wp-json\/wp\/v2\/posts"}],"about":[{"href":"https:\/\/migracao.redenoticia.com.br\/noticia\/wp-json\/wp\/v2\/types\/post"}],"author":[{"embeddable":true,"href":"https:\/\/migracao.redenoticia.com.br\/noticia\/wp-json\/wp\/v2\/users\/2"}],"replies":[{"embeddable":true,"href":"https:\/\/migracao.redenoticia.com.br\/noticia\/wp-json\/wp\/v2\/comments?post=98004"}],"version-history":[{"count":0,"href":"https:\/\/migracao.redenoticia.com.br\/noticia\/wp-json\/wp\/v2\/posts\/98004\/revisions"}],"wp:featuredmedia":[{"embeddable":true,"href":"https:\/\/migracao.redenoticia.com.br\/noticia\/wp-json\/wp\/v2\/media\/93943"}],"wp:attachment":[{"href":"https:\/\/migracao.redenoticia.com.br\/noticia\/wp-json\/wp\/v2\/media?parent=98004"}],"wp:term":[{"taxonomy":"category","embeddable":true,"href":"https:\/\/migracao.redenoticia.com.br\/noticia\/wp-json\/wp\/v2\/categories?post=98004"},{"taxonomy":"post_tag","embeddable":true,"href":"https:\/\/migracao.redenoticia.com.br\/noticia\/wp-json\/wp\/v2\/tags?post=98004"}],"curies":[{"name":"wp","href":"https:\/\/api.w.org\/{rel}","templated":true}]}}