{"id":98038,"date":"2016-10-22T18:17:17","date_gmt":"2016-10-22T20:17:17","guid":{"rendered":"http:\/\/www.redenoticia.com.br\/noticia\/?p=98038"},"modified":"2016-10-22T16:20:14","modified_gmt":"2016-10-22T18:20:14","slug":"novela-sol-nascente-resumo-2410-ralf-se-decepciona-com-mario","status":"publish","type":"post","link":"https:\/\/migracao.redenoticia.com.br\/noticia\/2016\/novela-sol-nascente-resumo-2410-ralf-se-decepciona-com-mario\/98038","title":{"rendered":"Novela \u201cSol Nascente\u201d resumo 24\/10: Ralf se decepciona com Mario"},"content":{"rendered":"<p><img loading=\"lazy\" decoding=\"async\" src=\"https:\/\/migracao.redenoticia.com.br\/noticia\/imagens\/sol_nascente_mario_bruno-gagliasso-150x112.jpg\" alt=\"sol_nascente_mario_bruno-gagliasso\" width=\"150\" height=\"112\" class=\"alignleft size-thumbnail wp-image-93943\" srcset=\"https:\/\/migracao.redenoticia.com.br\/noticia\/imagens\/sol_nascente_mario_bruno-gagliasso-150x112.jpg 150w, https:\/\/migracao.redenoticia.com.br\/noticia\/imagens\/sol_nascente_mario_bruno-gagliasso-265x198.jpg 265w\" sizes=\"auto, (max-width: 150px) 100vw, 150px\" \/><strong><em>Novela \u201cSol Nascente\u201d resumo 24\/10<\/em><\/strong>: ap\u00f3s acordo com C\u00e9sar, Carolina diz para Mario que est\u00e1 gr\u00e1vida. Depois da rea\u00e7\u00e3o de Mario, ela finge estar ofendida. Mario vai conversar com Ralf e este o questiona sobre sua rela\u00e7\u00e3o com Alice. J\u00e1 Carolina, avisa a C\u00e9sar que talvez o plano para separar Mario e Alice pode n\u00e3o funcionar. Depois, Mario fala para Ralf que decidiu ficar com Carolina e o amigo se decepciona.<\/p>\n<p>No cap\u00edtulo 048(*), novela \u201cSol Nascente\u201d, segunda-feira, 24 de outubro \u2013 Carolina finge que est\u00e1 ofendida com a rea\u00e7\u00e3o de Mario ap\u00f3s a not\u00edcia da gravidez. Ralf questiona Mario sobre sua rela\u00e7\u00e3o com Alice. Carolina avisa a Cesar que o plano para separar Mario e Alice pode n\u00e3o funcionar. <\/p>\n<p>Tanaka aguarda a cirurgia e Alice fica tensa. Mario decide ficar com Carolina e Ralf se decepciona. Vittorio estranha o comportamento de Milena. Alice pensa em Mario. <\/p>\n<p>Cesar obriga Alice a aceitar o investidor indicado por ele. Vittorio descobre que Milena est\u00e1 com raiva de Loretta e procura Lenita. Felipe reclama da proximidade entre Lenita e Milena.<\/p>\n<p>(*) edi\u00e7\u00e3o da Rede Globo, Novela \u201cSol Nascente\u201d, sujeito a altera\u00e7\u00e3o de data e conte\u00fado. <\/p>\n","protected":false},"excerpt":{"rendered":"<p>Novela \u201cSol Nascente\u201d resumo 24\/10: ap\u00f3s acordo com C\u00e9sar, Carolina diz para Mario que est\u00e1 gr\u00e1vida. Depois da rea\u00e7\u00e3o de Mario, ela finge estar ofendida. Mario vai conversar com Ralf e este o questiona sobre sua rela\u00e7\u00e3o com Alice. J\u00e1 Carolina, avisa a C\u00e9sar que talvez o plano para separar Mario e Alice pode n\u00e3o [&hellip;]<\/p>\n","protected":false},"author":2,"featured_media":93943,"comment_status":"open","ping_status":"closed","sticky":false,"template":"","format":"standard","meta":{"tdm_status":"","tdm_grid_status":"","footnotes":""},"categories":[379,375,343],"tags":[441],"class_list":{"0":"post-98038","1":"post","2":"type-post","3":"status-publish","4":"format-standard","5":"has-post-thumbnail","7":"category-novelas","8":"category-rede-globo","9":"category-televisao","10":"tag-resumo-do-dia"},"_links":{"self":[{"href":"https:\/\/migracao.redenoticia.com.br\/noticia\/wp-json\/wp\/v2\/posts\/98038","targetHints":{"allow":["GET"]}}],"collection":[{"href":"https:\/\/migracao.redenoticia.com.br\/noticia\/wp-json\/wp\/v2\/posts"}],"about":[{"href":"https:\/\/migracao.redenoticia.com.br\/noticia\/wp-json\/wp\/v2\/types\/post"}],"author":[{"embeddable":true,"href":"https:\/\/migracao.redenoticia.com.br\/noticia\/wp-json\/wp\/v2\/users\/2"}],"replies":[{"embeddable":true,"href":"https:\/\/migracao.redenoticia.com.br\/noticia\/wp-json\/wp\/v2\/comments?post=98038"}],"version-history":[{"count":0,"href":"https:\/\/migracao.redenoticia.com.br\/noticia\/wp-json\/wp\/v2\/posts\/98038\/revisions"}],"wp:featuredmedia":[{"embeddable":true,"href":"https:\/\/migracao.redenoticia.com.br\/noticia\/wp-json\/wp\/v2\/media\/93943"}],"wp:attachment":[{"href":"https:\/\/migracao.redenoticia.com.br\/noticia\/wp-json\/wp\/v2\/media?parent=98038"}],"wp:term":[{"taxonomy":"category","embeddable":true,"href":"https:\/\/migracao.redenoticia.com.br\/noticia\/wp-json\/wp\/v2\/categories?post=98038"},{"taxonomy":"post_tag","embeddable":true,"href":"https:\/\/migracao.redenoticia.com.br\/noticia\/wp-json\/wp\/v2\/tags?post=98038"}],"curies":[{"name":"wp","href":"https:\/\/api.w.org\/{rel}","templated":true}]}}