{"id":98060,"date":"2016-10-23T19:39:28","date_gmt":"2016-10-23T21:39:28","guid":{"rendered":"http:\/\/www.redenoticia.com.br\/noticia\/?p=98060"},"modified":"2016-10-23T19:39:28","modified_gmt":"2016-10-23T21:39:28","slug":"sinopse-da-novela-ezel-conheca-a-historia-de-omer-e-eysan","status":"publish","type":"post","link":"https:\/\/migracao.redenoticia.com.br\/noticia\/2016\/sinopse-da-novela-ezel-conheca-a-historia-de-omer-e-eysan\/98060","title":{"rendered":"Sinopse da novela &#8220;Ezel&#8221;: conhe\u00e7a a hist\u00f3ria de Omer e Eysan"},"content":{"rendered":"<p><img loading=\"lazy\" decoding=\"async\" src=\"https:\/\/migracao.redenoticia.com.br\/noticia\/imagens\/ezel_novela_band_resumo-150x112.jpg\" alt=\"ezel_novela_band_resumo\" width=\"150\" height=\"112\" class=\"alignleft size-thumbnail wp-image-98061\" srcset=\"https:\/\/migracao.redenoticia.com.br\/noticia\/imagens\/ezel_novela_band_resumo-150x112.jpg 150w, https:\/\/migracao.redenoticia.com.br\/noticia\/imagens\/ezel_novela_band_resumo-265x198.jpg 265w\" sizes=\"auto, (max-width: 150px) 100vw, 150px\" \/><strong><em>Sinopse da novela &#8220;Ezel&#8221;<\/em><\/strong>: com previs\u00e3o de estreia para novembro, &#8220;Ezel&#8221; \u00e9 a pr\u00f3xima novela da Band. A novela vai contar a hist\u00f3ria de Omer, um rapaz de bom cora\u00e7\u00e3o que foi acusado injustamente, pelo seu melhor amigo Cengiz, de cometer crimes. E mais, sua namorada, Eysan, participa da arma\u00e7\u00e3o. Para ele a trai\u00e7\u00e3o da namorada foi a pior coisa que poderia ter acontecido. <\/p>\n<p>Omer \u00e9 preso. Quatros anos ap\u00f3s a sua pris\u00e3o, acontece um terr\u00edvel inc\u00eandio na penitenci\u00e1ria e o rapaz \u00e9 dado como morto. Com a ajuda de um amigo, ele se submete a v\u00e1rias cirurgias pl\u00e1sticas e muda o rosto, al\u00e9m de adotar uma nova identidade, agora ele ser\u00e1 Ezel.<\/p>\n<p>Oitos anos depois, Ezel \u00e9 um homem frio, calculista, ambicioso e n\u00e3o ter\u00e1 piedade de quem cruzar o seu caminho, principalmente aqueles que quase destru\u00edram a sua vida, mas ao reencontrar Eysan, a antiga paix\u00e3o come\u00e7a a falar mais alto. Enquanto isso, Eysan tornou-se uma mulher infeliz, que vive atormentada pelos pecados do passado.<\/p>\n<p>A partir da\u00ed um jogo de intrigas, vingan\u00e7a e sedu\u00e7\u00e3o toma conta da hist\u00f3ria.  <\/p>\n<p>Elenco principal e personagens:<\/p>\n<p>Omer \/ Ezel (Kenan Imirzalioglu)<br \/>\nO personagem Omer \u00e9 um homem de muito car\u00e1ter, namora Eysan e tem como grandes amigos Ali e Cengiz. Apesar de planejar se casar com a noiva ele acaba sendo tra\u00eddo por ela e pelo seus dois amigos e acusado de dois crimes que nunca cometeu.<\/p>\n<p>Omer fica preso por 12 anos, por\u00e9m, por conta de um inc\u00eandio no pres\u00eddio ele acaba conseguindo escapar vivo, no entanto, todos acreditam que ele morreu. A partir da\u00ed ele muda completamente o seu rosto fazendo diversas pl\u00e1sticas no intuito de retornar para se vingar de todos aqueles que o tra\u00edram no passado.<\/p>\n<p>Eysan (Cansu Dere)<br \/>\nEysan \u00e9 namorada de Omer e se v\u00ea obrigada a planejar contra ele para conseguir dinheiro e assim de fazer um tratamento em sua irm\u00e3 e salvar a vida dela que tem uma doen\u00e7a muito grave.<\/p>\n<p>Depois de colocar o grande amor de sua vida na cadeia ela acaba tendo uma filha e se casa com Cengiz que tamb\u00e9m era um dos melhores amigos de Omer no passado.<\/p>\n<p>Ali (Barys Falay)<br \/>\nAli tamb\u00e9m \u00e9 um dos melhores amigos de Omer. Ele acaba sendo convencido por Cengiz a tramar contra Omer e mandar o melhor amigo para a cadeia.<\/p>\n<p>Cengiz (Ygit Ozener)<br \/>\nCengiz sem d\u00favida \u00e9 o principal vil\u00e3o da novela Ezel. Ele tamb\u00e9m foi um dos melhores amigos de Omer, no entanto, \u00e9 um homem ambicioso e que quer o poder que a todo custo e \u00e9 capaz de fazer qualquer coisa por dinheiro at\u00e9 trair o seu melhor amigo.<\/p>\n<p>Fonte: Band &#8220;Ezel&#8221;<\/p>\n","protected":false},"excerpt":{"rendered":"<p>Sinopse da novela &#8220;Ezel&#8221;: com previs\u00e3o de estreia para novembro, &#8220;Ezel&#8221; \u00e9 a pr\u00f3xima novela da Band. A novela vai contar a hist\u00f3ria de Omer, um rapaz de bom cora\u00e7\u00e3o que foi acusado injustamente, pelo seu melhor amigo Cengiz, de cometer crimes. E mais, sua namorada, Eysan, participa da arma\u00e7\u00e3o. Para ele a trai\u00e7\u00e3o da [&hellip;]<\/p>\n","protected":false},"author":2,"featured_media":98061,"comment_status":"open","ping_status":"closed","sticky":false,"template":"","format":"standard","meta":{"tdm_status":"","tdm_grid_status":"","footnotes":""},"categories":[390,379,343],"tags":[440],"class_list":{"0":"post-98060","1":"post","2":"type-post","3":"status-publish","4":"format-standard","5":"has-post-thumbnail","7":"category-band","8":"category-novelas","9":"category-televisao","10":"tag-noticia-novela"},"_links":{"self":[{"href":"https:\/\/migracao.redenoticia.com.br\/noticia\/wp-json\/wp\/v2\/posts\/98060","targetHints":{"allow":["GET"]}}],"collection":[{"href":"https:\/\/migracao.redenoticia.com.br\/noticia\/wp-json\/wp\/v2\/posts"}],"about":[{"href":"https:\/\/migracao.redenoticia.com.br\/noticia\/wp-json\/wp\/v2\/types\/post"}],"author":[{"embeddable":true,"href":"https:\/\/migracao.redenoticia.com.br\/noticia\/wp-json\/wp\/v2\/users\/2"}],"replies":[{"embeddable":true,"href":"https:\/\/migracao.redenoticia.com.br\/noticia\/wp-json\/wp\/v2\/comments?post=98060"}],"version-history":[{"count":0,"href":"https:\/\/migracao.redenoticia.com.br\/noticia\/wp-json\/wp\/v2\/posts\/98060\/revisions"}],"wp:featuredmedia":[{"embeddable":true,"href":"https:\/\/migracao.redenoticia.com.br\/noticia\/wp-json\/wp\/v2\/media\/98061"}],"wp:attachment":[{"href":"https:\/\/migracao.redenoticia.com.br\/noticia\/wp-json\/wp\/v2\/media?parent=98060"}],"wp:term":[{"taxonomy":"category","embeddable":true,"href":"https:\/\/migracao.redenoticia.com.br\/noticia\/wp-json\/wp\/v2\/categories?post=98060"},{"taxonomy":"post_tag","embeddable":true,"href":"https:\/\/migracao.redenoticia.com.br\/noticia\/wp-json\/wp\/v2\/tags?post=98060"}],"curies":[{"name":"wp","href":"https:\/\/api.w.org\/{rel}","templated":true}]}}