{"id":98094,"date":"2016-10-24T18:05:57","date_gmt":"2016-10-24T20:05:57","guid":{"rendered":"http:\/\/www.redenoticia.com.br\/noticia\/?p=98094"},"modified":"2016-10-24T16:43:20","modified_gmt":"2016-10-24T18:43:20","slug":"novela-malhacao-resumo-2510-ricardo-tenta-se-aproximar-de-tania","status":"publish","type":"post","link":"https:\/\/migracao.redenoticia.com.br\/noticia\/2016\/novela-malhacao-resumo-2510-ricardo-tenta-se-aproximar-de-tania\/98094","title":{"rendered":"Novela \u201cMalha\u00e7\u00e3o\u201d resumo 25\/10: Ricardo tenta se aproximar de T\u00e2nia"},"content":{"rendered":"<p><img loading=\"lazy\" decoding=\"async\" class=\"alignleft size-thumbnail wp-image-91715\" src=\"https:\/\/migracao.redenoticia.com.br\/noticia\/imagens\/malhacao_pro_dia_nascer_feliz_resumo_novela-150x112.jpg\" alt=\"malhacao_pro_dia_nascer_feliz_resumo_novela\" width=\"150\" height=\"112\" srcset=\"https:\/\/migracao.redenoticia.com.br\/noticia\/imagens\/malhacao_pro_dia_nascer_feliz_resumo_novela-150x112.jpg 150w, https:\/\/migracao.redenoticia.com.br\/noticia\/imagens\/malhacao_pro_dia_nascer_feliz_resumo_novela-265x198.jpg 265w\" sizes=\"auto, (max-width: 150px) 100vw, 150px\" \/><strong><em>Novela \u201cMalha\u00e7\u00e3o\u201d resumo 25\/10<\/em><\/strong>:\u00a0Caio acredita que\u00a0Ricardo n\u00e3o vai ter coragem de fazer o exame de DNA para saber se \u00e9 pai de\u00a0Joana. Muito menos ficar para saber o resultado. Surpreso ao ver o cunhado ansioso, o treinador alfineta, mas leva um corte de Ricardo. Este diz que n\u00e3o sabe o que Caio est\u00e1 a fazer ali, pois n\u00e3o tem nada a ver com a hist\u00f3ria. Mas, Caio diz que ele e Carmem foram mais amigos do que ele imagina. Ricardo se surpreende. Depois, ele exige que o cunhado n\u00e3o conte para as filhas sobre a possibilidade de ser pai de Joana. Mais tarde, Ricardo tenta se aproximar de T\u00e2nia.<\/p>\n<p>No cap\u00edtulo 047(*), novela \u201cMalha\u00e7\u00e3o\u201d, ter\u00e7a-feira, 25 de outubro \u2013 Ricardo exige que Caio n\u00e3o conte para as filhas sobre a possibilidade de ser pai de Joana. R\u00f4mulo vence a luta e Nanda, J\u00e9ssica e Belloto vibram na plateia.<\/p>\n<p>B\u00e1rbara estranha a rea\u00e7\u00e3o de Ricardo ao falar com Joana. Corr\u00eaa parabeniza os alunos pelo dinheiro arrecadado para o conserto dos computadores.<\/p>\n<p>Giovane se incomoda ao perceber Joana observando o beijo de B\u00e1rbara e Gabriel. Jab\u00e1 discute com Lucas por causa de Juliana. Irene v\u00ea Giovane e Joana se divertindo. Ricardo tenta se aproximar de T\u00e2nia. Irene chama a aten\u00e7\u00e3o de Joana por causa de Gabriel e Giovane.<\/p>\n<p>(*) edi\u00e7\u00e3o da Rede Globo, Novela \u201cMalha\u00e7\u00e3o\u201d, sujeito a altera\u00e7\u00e3o de data e conte\u00fado.<\/p>\n","protected":false},"excerpt":{"rendered":"<p>Novela \u201cMalha\u00e7\u00e3o\u201d resumo 25\/10:\u00a0Caio acredita que\u00a0Ricardo n\u00e3o vai ter coragem de fazer o exame de DNA para saber se \u00e9 pai de\u00a0Joana. Muito menos ficar para saber o resultado. Surpreso ao ver o cunhado ansioso, o treinador alfineta, mas leva um corte de Ricardo. Este diz que n\u00e3o sabe o que Caio est\u00e1 a fazer [&hellip;]<\/p>\n","protected":false},"author":4,"featured_media":91715,"comment_status":"open","ping_status":"closed","sticky":false,"template":"","format":"standard","meta":{"tdm_status":"","tdm_grid_status":"","footnotes":""},"categories":[447,379,375,343],"tags":[441],"class_list":{"0":"post-98094","1":"post","2":"type-post","3":"status-publish","4":"format-standard","5":"has-post-thumbnail","7":"category-malhacao","8":"category-novelas","9":"category-rede-globo","10":"category-televisao","11":"tag-resumo-do-dia"},"_links":{"self":[{"href":"https:\/\/migracao.redenoticia.com.br\/noticia\/wp-json\/wp\/v2\/posts\/98094","targetHints":{"allow":["GET"]}}],"collection":[{"href":"https:\/\/migracao.redenoticia.com.br\/noticia\/wp-json\/wp\/v2\/posts"}],"about":[{"href":"https:\/\/migracao.redenoticia.com.br\/noticia\/wp-json\/wp\/v2\/types\/post"}],"author":[{"embeddable":true,"href":"https:\/\/migracao.redenoticia.com.br\/noticia\/wp-json\/wp\/v2\/users\/4"}],"replies":[{"embeddable":true,"href":"https:\/\/migracao.redenoticia.com.br\/noticia\/wp-json\/wp\/v2\/comments?post=98094"}],"version-history":[{"count":0,"href":"https:\/\/migracao.redenoticia.com.br\/noticia\/wp-json\/wp\/v2\/posts\/98094\/revisions"}],"wp:featuredmedia":[{"embeddable":true,"href":"https:\/\/migracao.redenoticia.com.br\/noticia\/wp-json\/wp\/v2\/media\/91715"}],"wp:attachment":[{"href":"https:\/\/migracao.redenoticia.com.br\/noticia\/wp-json\/wp\/v2\/media?parent=98094"}],"wp:term":[{"taxonomy":"category","embeddable":true,"href":"https:\/\/migracao.redenoticia.com.br\/noticia\/wp-json\/wp\/v2\/categories?post=98094"},{"taxonomy":"post_tag","embeddable":true,"href":"https:\/\/migracao.redenoticia.com.br\/noticia\/wp-json\/wp\/v2\/tags?post=98094"}],"curies":[{"name":"wp","href":"https:\/\/api.w.org\/{rel}","templated":true}]}}