{"id":98177,"date":"2016-10-25T20:37:48","date_gmt":"2016-10-25T22:37:48","guid":{"rendered":"http:\/\/www.redenoticia.com.br\/noticia\/?p=98177"},"modified":"2016-10-25T15:41:54","modified_gmt":"2016-10-25T17:41:54","slug":"novela-a-terra-prometida-resumo-2610-rafi-se-surpreende-ao-ver-a-filha-em-sua-cela","status":"publish","type":"post","link":"https:\/\/migracao.redenoticia.com.br\/noticia\/2016\/novela-a-terra-prometida-resumo-2610-rafi-se-surpreende-ao-ver-a-filha-em-sua-cela\/98177","title":{"rendered":"Novela \u201cA Terra Prometida\u201d resumo 26\/10: Rafi se surpreende ao ver a filha em sua cela"},"content":{"rendered":"<p> <img loading=\"lazy\" decoding=\"async\" class=\"alignleft size-thumbnail wp-image-89446\" src=\"https:\/\/migracao.redenoticia.com.br\/noticia\/imagens\/a-terra-prometida-novela-record-resumo-150x112.jpg\" alt=\"a-terra-prometida-novela-record-resumo\" width=\"150\" height=\"112\" srcset=\"https:\/\/migracao.redenoticia.com.br\/noticia\/imagens\/a-terra-prometida-novela-record-resumo-150x112.jpg 150w, https:\/\/migracao.redenoticia.com.br\/noticia\/imagens\/a-terra-prometida-novela-record-resumo-265x198.jpg 265w\" sizes=\"auto, (max-width: 150px) 100vw, 150px\" \/><strong><em>Novela \u201cA Terra Prometida\u201d resumo 26\/10<\/em><\/strong>: na masmorra do pal\u00e1cio de Ai, Rafi pede a Arauto para cuidar de Til\u00e9ia e Kira caso ele morra na ca\u00e7ada humana. Kruga chega e avisa que o rei deseja ver o mensageiro. Durgal pede para Arauto lhe contar uma hist\u00f3ria para dormir. Kalu e Kira conseguem achar um buraco no muro do pal\u00e1cio e chegam at\u00e9 a masmorra. Rafi se surpreende ao ver a filha em sua cela.<\/p>\n<p>No capitulo 081(*), novela \u201cA Terra Prometida\u201d, quarta-feira, 26 de outubro &#8211; Kruga chega e avisa que o rei deseja ver o mensageiro. Durgal pede para Arauto lhe contar uma hist\u00f3ria para dormir. Kalu e Kira conseguem achar um buraco no muro do pal\u00e1cio e chegam at\u00e9 a masmorra. Rafi se surpreende ao ver a filha em sua cela. Kamir conversa com Melina e diz que os plebeus servem para o deleite dos governantes. A mo\u00e7a n\u00e3o entende o posicionamento cruel de seu pai. Chaia pede para falar a s\u00f3s com Tobias. Ac\u00e3 e os filhos provocam Zuma. O guerreiro n\u00fabio se controla para n\u00e3o cair na provoca\u00e7\u00e3o. Kira e Kalu conseguem deixar a pris\u00e3o antes da chegada de Kruga. <\/p>\n<p>Kamir surpreende Melina ao avisar que o jantar \u00e9 para oficializar a uni\u00e3o da filha com o oficial Yussuf. Chaia conversa com Tobias e tenta justificar a atitude de Zaqueu. Darda chega e avisa que est\u00e3o brigando na tenda. Eles entram e veem Gibar acertando um soco na cara de Zuma. Gibar acerta um soco na cara de Zuma e o chama de covarde. O guerreio n\u00fabio tenta se controlar e o encara furioso. Tobias interv\u00e9m e os alerta sobre o perigo de provocar o lutador. Ac\u00e3 e os filhos zombam do Monstro Hebreu. Tobias fica furioso e parte pra cima. Zuma o segura. Melina se recusa a casar com Yussuf. Ula pede para a filha repensar. Melina diz que Yussuf s\u00f3 a quer para entrar para entrar na fam\u00edlia real. Kamir repreende a filha. Melina diz que s\u00f3 se casar\u00e1 por amor. Kamir pede para Yussuf ser paciente. <\/p>\n<p>Aruna encontra Ion\u00e1 e fala da reaproxima\u00e7\u00e3o com Josu\u00e9. Samara e L\u00e9ia dizem acreditar na separa\u00e7\u00e3o do casal. Aruna se despede de Ion\u00e1. Kamir diz que em breve se tornar\u00e1 rei e amea\u00e7a Melina. Salmon conversa com Orias. Raabe agradece a hospitalidade de Aruna. Kamir diz que Melina \u00e9 obrigada a casar com Yussuf. Eleazar diz que Bo\u00e3 precisar\u00e1 cuidar bem das duas esposas. Aruna leva Raabe para conhecer In\u00eas. Za\u00edra diz que os Lagartos precisam comer bastante. Kira e Kalu falam com Til\u00e9ia sobre a ida ao pal\u00e1cio. In\u00eas diz palavras de f\u00e9 para Raabe. A cananeia agradece o amparo. Til\u00e9ia agradece pela atitude de Kalu. Ac\u00e3 fala com os filhos e diz que precisam fingir que foram atacados por Zuma. Kalu volta para hospedaria e fala sobre a aventura que viveu no pal\u00e1cio com Kira.<\/p>\n<p>(*) edi\u00e7\u00e3o da Rede Record, Novela \u201cA Terra Prometida\u201d, sujeito a altera\u00e7\u00e3o de data e conte\u00fado.<\/p>\n","protected":false},"excerpt":{"rendered":"<p>Novela \u201cA Terra Prometida\u201d resumo 26\/10: na masmorra do pal\u00e1cio de Ai, Rafi pede a Arauto para cuidar de Til\u00e9ia e Kira caso ele morra na ca\u00e7ada humana. Kruga chega e avisa que o rei deseja ver o mensageiro. Durgal pede para Arauto lhe contar uma hist\u00f3ria para dormir. Kalu e Kira conseguem achar um [&hellip;]<\/p>\n","protected":false},"author":2,"featured_media":89446,"comment_status":"open","ping_status":"closed","sticky":false,"template":"","format":"standard","meta":{"tdm_status":"","tdm_grid_status":"","footnotes":""},"categories":[446,379,371,343],"tags":[441],"class_list":{"0":"post-98177","1":"post","2":"type-post","3":"status-publish","4":"format-standard","5":"has-post-thumbnail","7":"category-a-terra-prometida","8":"category-novelas","9":"category-rede-record","10":"category-televisao","11":"tag-resumo-do-dia"},"_links":{"self":[{"href":"https:\/\/migracao.redenoticia.com.br\/noticia\/wp-json\/wp\/v2\/posts\/98177","targetHints":{"allow":["GET"]}}],"collection":[{"href":"https:\/\/migracao.redenoticia.com.br\/noticia\/wp-json\/wp\/v2\/posts"}],"about":[{"href":"https:\/\/migracao.redenoticia.com.br\/noticia\/wp-json\/wp\/v2\/types\/post"}],"author":[{"embeddable":true,"href":"https:\/\/migracao.redenoticia.com.br\/noticia\/wp-json\/wp\/v2\/users\/2"}],"replies":[{"embeddable":true,"href":"https:\/\/migracao.redenoticia.com.br\/noticia\/wp-json\/wp\/v2\/comments?post=98177"}],"version-history":[{"count":0,"href":"https:\/\/migracao.redenoticia.com.br\/noticia\/wp-json\/wp\/v2\/posts\/98177\/revisions"}],"wp:featuredmedia":[{"embeddable":true,"href":"https:\/\/migracao.redenoticia.com.br\/noticia\/wp-json\/wp\/v2\/media\/89446"}],"wp:attachment":[{"href":"https:\/\/migracao.redenoticia.com.br\/noticia\/wp-json\/wp\/v2\/media?parent=98177"}],"wp:term":[{"taxonomy":"category","embeddable":true,"href":"https:\/\/migracao.redenoticia.com.br\/noticia\/wp-json\/wp\/v2\/categories?post=98177"},{"taxonomy":"post_tag","embeddable":true,"href":"https:\/\/migracao.redenoticia.com.br\/noticia\/wp-json\/wp\/v2\/tags?post=98177"}],"curies":[{"name":"wp","href":"https:\/\/api.w.org\/{rel}","templated":true}]}}