{"id":98269,"date":"2016-10-26T18:05:04","date_gmt":"2016-10-26T20:05:04","guid":{"rendered":"http:\/\/www.redenoticia.com.br\/noticia\/?p=98269"},"modified":"2016-10-26T13:54:00","modified_gmt":"2016-10-26T15:54:00","slug":"novela-malhacao-resumo-2710-lucas-e-jaba-provocam-juliana","status":"publish","type":"post","link":"https:\/\/migracao.redenoticia.com.br\/noticia\/2016\/novela-malhacao-resumo-2710-lucas-e-jaba-provocam-juliana\/98269","title":{"rendered":"Novela \u201cMalha\u00e7\u00e3o\u201d resumo 27\/10: Lucas rouba beijo de Juliana"},"content":{"rendered":"<p><img loading=\"lazy\" decoding=\"async\" class=\"alignleft size-thumbnail wp-image-91715\" src=\"https:\/\/migracao.redenoticia.com.br\/noticia\/imagens\/malhacao_pro_dia_nascer_feliz_resumo_novela-150x112.jpg\" alt=\"malhacao_pro_dia_nascer_feliz_resumo_novela\" width=\"150\" height=\"112\" srcset=\"https:\/\/migracao.redenoticia.com.br\/noticia\/imagens\/malhacao_pro_dia_nascer_feliz_resumo_novela-150x112.jpg 150w, https:\/\/migracao.redenoticia.com.br\/noticia\/imagens\/malhacao_pro_dia_nascer_feliz_resumo_novela-265x198.jpg 265w\" sizes=\"auto, (max-width: 150px) 100vw, 150px\" \/><strong><em>Novela \u201cMalha\u00e7\u00e3o\u201d resumo 27\/10<\/em><\/strong>:\u00a0Jab\u00e1 se desentende com Lucas e Juliana sai em defesa do grafiteiro. Furiosa por causa da briga, Juliana cuida do ferimento na boca de Lucas. O rapaz alfineta ao dizer que nunca pensou que um dia a patricinha iria cuidar dele. Lucas olha fixamente para os l\u00e1bios de\u00a0Juliana, esta diz que se ele fizer o que est\u00e1 a pensar ele sai dali sem os dentes. Lucas diz que vai valer a pena, pois j\u00e1 levou um soco, o segundo n\u00e3o vai sentir. Ele puxa a garota para si e lhe d\u00e1 um beijo. Juliana diz a Lucas que \u00e9 apaixonada por Giovane. Depois, Jab\u00e1 e Lucas fazem as pazes. Mais tarde, Joana dan\u00e7a com Giovane. Lucas e Jab\u00e1 provocam Juliana. A garota tem uma crise de ci\u00fames e critica Giovane por dan\u00e7ar com Joana. <\/p>\n<p>No cap\u00edtulo 049(*), novela \u201cMalha\u00e7\u00e3o\u201d, quinta-feira, 27 de outubro \u2013 Joana se enfurece com B\u00e1rbara. Juliana diz a Lucas que \u00e9 apaixonada por Giovane. Jab\u00e1 e Lucas fazem as pazes. Caio culpa Ricardo pela morte de Virg\u00ednia.<\/p>\n<p>B\u00e1rbara fica atenta \u00e0s insinua\u00e7\u00f5es de Cl\u00e9o. Os alunos reclamam com Corr\u00eaa sobre as p\u00e9ssimas condi\u00e7\u00f5es do col\u00e9gio. Gabriel n\u00e3o gosta de ver Joana dan\u00e7ando com Giovane. Lucas e Jab\u00e1 provocam Juliana. Nanda e R\u00f4mulo se reconciliam. Ricardo se preocupa com o resultado do exame de DNA.<\/p>\n<p>Glauco se desculpa com Nanda e R\u00f4mulo. Juliana tem uma crise de ci\u00fames e critica Giovane por dan\u00e7ar com Joana.<\/p>\n<p>(*) edi\u00e7\u00e3o da Rede Globo, Novela \u201cMalha\u00e7\u00e3o\u201d, sujeito a altera\u00e7\u00e3o de data e conte\u00fado.<\/p>\n","protected":false},"excerpt":{"rendered":"<p>Novela \u201cMalha\u00e7\u00e3o\u201d resumo 27\/10:\u00a0Jab\u00e1 se desentende com Lucas e Juliana sai em defesa do grafiteiro. Furiosa por causa da briga, Juliana cuida do ferimento na boca de Lucas. O rapaz alfineta ao dizer que nunca pensou que um dia a patricinha iria cuidar dele. Lucas olha fixamente para os l\u00e1bios de\u00a0Juliana, esta diz que se [&hellip;]<\/p>\n","protected":false},"author":4,"featured_media":91715,"comment_status":"open","ping_status":"closed","sticky":false,"template":"","format":"standard","meta":{"tdm_status":"","tdm_grid_status":"","footnotes":""},"categories":[447,379,375,343],"tags":[441],"class_list":{"0":"post-98269","1":"post","2":"type-post","3":"status-publish","4":"format-standard","5":"has-post-thumbnail","7":"category-malhacao","8":"category-novelas","9":"category-rede-globo","10":"category-televisao","11":"tag-resumo-do-dia"},"_links":{"self":[{"href":"https:\/\/migracao.redenoticia.com.br\/noticia\/wp-json\/wp\/v2\/posts\/98269","targetHints":{"allow":["GET"]}}],"collection":[{"href":"https:\/\/migracao.redenoticia.com.br\/noticia\/wp-json\/wp\/v2\/posts"}],"about":[{"href":"https:\/\/migracao.redenoticia.com.br\/noticia\/wp-json\/wp\/v2\/types\/post"}],"author":[{"embeddable":true,"href":"https:\/\/migracao.redenoticia.com.br\/noticia\/wp-json\/wp\/v2\/users\/4"}],"replies":[{"embeddable":true,"href":"https:\/\/migracao.redenoticia.com.br\/noticia\/wp-json\/wp\/v2\/comments?post=98269"}],"version-history":[{"count":0,"href":"https:\/\/migracao.redenoticia.com.br\/noticia\/wp-json\/wp\/v2\/posts\/98269\/revisions"}],"wp:featuredmedia":[{"embeddable":true,"href":"https:\/\/migracao.redenoticia.com.br\/noticia\/wp-json\/wp\/v2\/media\/91715"}],"wp:attachment":[{"href":"https:\/\/migracao.redenoticia.com.br\/noticia\/wp-json\/wp\/v2\/media?parent=98269"}],"wp:term":[{"taxonomy":"category","embeddable":true,"href":"https:\/\/migracao.redenoticia.com.br\/noticia\/wp-json\/wp\/v2\/categories?post=98269"},{"taxonomy":"post_tag","embeddable":true,"href":"https:\/\/migracao.redenoticia.com.br\/noticia\/wp-json\/wp\/v2\/tags?post=98269"}],"curies":[{"name":"wp","href":"https:\/\/api.w.org\/{rel}","templated":true}]}}