{"id":983,"date":"2009-04-30T11:51:10","date_gmt":"2009-04-30T15:51:10","guid":{"rendered":"http:\/\/www.redenoticia.com.br\/noticia\/?p=983"},"modified":"2009-04-30T11:51:10","modified_gmt":"2009-04-30T15:51:10","slug":"saude-do-cabelo","status":"publish","type":"post","link":"https:\/\/migracao.redenoticia.com.br\/noticia\/2009\/saude-do-cabelo\/983","title":{"rendered":"Sa\u00fade do Cabelo"},"content":{"rendered":"<p class=\"MsoNormal\" style=\"margin: 7.5pt 0cm; background: white none repeat scroll 0%; line-height: 13.5pt;\"><span style=\"font-family: Arial;\"><a href=\"https:\/\/migracao.redenoticia.com.br\/noticia\/imagens\/\/cabelo.jpg\"><img loading=\"lazy\" decoding=\"async\" class=\"alignleft size-medium wp-image-982\" title=\"cabelo\" src=\"https:\/\/migracao.redenoticia.com.br\/noticia\/imagens\/\/cabelo-249x187.jpg\" alt=\"cabelo\" width=\"249\" height=\"187\" \/><\/a>Basta analisar um fio de cabelo para descobrir qual o creme hidratante ser\u00e1 capaz de resolver, de uma vez por todas, seus problemas.<\/span><\/p>\n<p class=\"MsoNormal\" style=\"background: white none repeat scroll 0%; margin-top: 6pt; line-height: 13.5pt;\"><strong><span style=\"font-family: Arial;\">Aloe vera ou babosa<\/span><\/strong><span style=\"font-family: Arial;\">:<\/span><span style=\"font-family: Arial;\"> &#8220;hidrata e amacia os cabelos&#8221;, diz Lucienne Souza, cosmet\u00f3loga da L.S. Ind\u00fastria de Cosm\u00e9ticos, de Maring\u00e1 (PR).<\/p>\n<p><strong>Amino\u00e1cidos:<\/strong> um dos componentes que forma o fio. Ideal para quebradi\u00e7os.<\/p>\n<p><strong>Extrato de cacau (chocolate)<\/strong><span>:<\/span> \u00e9 antioxidante (combate os radicais livres) e altamente hidratante.<\/p>\n<p><strong>Karit\u00e9<\/strong><span>:<\/span> restaura os fios ressecados e reduz o arrepiado.<\/p>\n<p><strong>\u00d3leos vegetais<\/strong><span>: <\/span>extra\u00eddos de frutas como uva e abacate, ou de sementes, como am\u00eandoas, t\u00eam propriedades emolientes, deixando as mechas hidratadas e brilhantes.<\/p>\n<p><strong>Queratina<\/strong><span>:<\/span> preenche falhas e fecha as cut\u00edculas. A nanoqueratina \u00e9 uma mol\u00e9cula ainda menor e potente, pois penetra mais facilmente no fio.<\/p>\n<p><strong>Silicone<\/strong><span>:<\/span> forma uma pel\u00edcula ao redor da fibra capilar, selando-a. Deixa os cabelos mais macios.<\/span><\/p>\n<p class=\"MsoNormal\"><span style=\"font-family: Arial;\"> <\/span><\/p>\n<p class=\"MsoNormal\" style=\"background: white none repeat scroll 0%;\"><span style=\"font-family: Arial;\">por Catarina F\u00e1vero &#8211; MdeMulher<\/span><\/p>\n<p><strong><span style=\"font-size: 12pt; font-family: Arial;\"><br \/>\n<\/span><\/strong><\/p>\n","protected":false},"excerpt":{"rendered":"<p>Basta analisar um fio de cabelo para descobrir qual o creme hidratante ser\u00e1 capaz de resolver, de uma vez por todas, seus problemas. Aloe vera ou babosa: &#8220;hidrata e amacia os cabelos&#8221;, diz Lucienne Souza, cosmet\u00f3loga da L.S. Ind\u00fastria de Cosm\u00e9ticos, de Maring\u00e1 (PR). Amino\u00e1cidos: um dos componentes que forma o fio. Ideal para quebradi\u00e7os. [&hellip;]<\/p>\n","protected":false},"author":3,"featured_media":0,"comment_status":"open","ping_status":"open","sticky":false,"template":"","format":"standard","meta":{"tdm_status":"","tdm_grid_status":"","footnotes":""},"categories":[5],"tags":[],"class_list":{"0":"post-983","1":"post","2":"type-post","3":"status-publish","4":"format-standard","6":"category-saude-e-vida"},"_links":{"self":[{"href":"https:\/\/migracao.redenoticia.com.br\/noticia\/wp-json\/wp\/v2\/posts\/983","targetHints":{"allow":["GET"]}}],"collection":[{"href":"https:\/\/migracao.redenoticia.com.br\/noticia\/wp-json\/wp\/v2\/posts"}],"about":[{"href":"https:\/\/migracao.redenoticia.com.br\/noticia\/wp-json\/wp\/v2\/types\/post"}],"author":[{"embeddable":true,"href":"https:\/\/migracao.redenoticia.com.br\/noticia\/wp-json\/wp\/v2\/users\/3"}],"replies":[{"embeddable":true,"href":"https:\/\/migracao.redenoticia.com.br\/noticia\/wp-json\/wp\/v2\/comments?post=983"}],"version-history":[{"count":0,"href":"https:\/\/migracao.redenoticia.com.br\/noticia\/wp-json\/wp\/v2\/posts\/983\/revisions"}],"wp:attachment":[{"href":"https:\/\/migracao.redenoticia.com.br\/noticia\/wp-json\/wp\/v2\/media?parent=983"}],"wp:term":[{"taxonomy":"category","embeddable":true,"href":"https:\/\/migracao.redenoticia.com.br\/noticia\/wp-json\/wp\/v2\/categories?post=983"},{"taxonomy":"post_tag","embeddable":true,"href":"https:\/\/migracao.redenoticia.com.br\/noticia\/wp-json\/wp\/v2\/tags?post=983"}],"curies":[{"name":"wp","href":"https:\/\/api.w.org\/{rel}","templated":true}]}}