{"id":98325,"date":"2016-10-27T06:08:20","date_gmt":"2016-10-27T08:08:20","guid":{"rendered":"http:\/\/www.redenoticia.com.br\/noticia\/?p=98325"},"modified":"2016-10-26T16:10:40","modified_gmt":"2016-10-26T18:10:40","slug":"saude-ocular-saiba-como-cuidar-dos-olhos","status":"publish","type":"post","link":"https:\/\/migracao.redenoticia.com.br\/noticia\/2016\/saude-ocular-saiba-como-cuidar-dos-olhos\/98325","title":{"rendered":"Sa\u00fade ocular: saiba como cuidar dos olhos"},"content":{"rendered":"<p> S\u00e3o muitas as <strong><em>doen\u00e7as que podem prejudicar a nossa vis\u00e3o<\/em><\/strong>, j\u00e1 que os olhos s\u00e3o um dos \u00f3rg\u00e3os mais sens\u00edveis do corpo. Com a chegada do ver\u00e3o, algumas dessas doen\u00e7as se tornam mais frequentes, al\u00e9m da pr\u00f3pria incid\u00eancia dos raios solares serem mais agressivas, exigindo mais cuidados e prote\u00e7\u00e3o.<\/p>\n<p>Algumas doen\u00e7as s\u00e3o mais comuns e ocorrem com certa frequ\u00eancia. Outras, mais graves, podem comprometer os olhos e at\u00e9 colocar a vida da pessoa em risco. As mais comuns s\u00e3o conjuntivite, ter\u00e7ol (ou hord\u00e9olo) e cal\u00e1zio. J\u00e1 a catarata e a degenera\u00e7\u00e3o macular atingem principalmente as pessoas idosas. A primeira pode ser revertida com cirurgia. No caso da degenera\u00e7\u00e3o macular, se tratada rapidamente, a vis\u00e3o pode ser corrigida.<\/p>\n<p>Outra doen\u00e7a agravada pelos raios ultravioletas \u00e9 o pter\u00edgio, que se manifesta na forma de um tecido que cresce pr\u00f3ximo da c\u00f3rnea e pode requerer tratamento cir\u00fargico ou uso de lubrificantes espec\u00edficos. A doen\u00e7a mais perigosa para os adultos, por\u00e9m, \u00e9 o glaucoma, que precisa ser detectado o quanto antes.<\/p>\n<p>Nas crian\u00e7as, \u00e9 importante a realiza\u00e7\u00e3o de exames oculares at\u00e9 o primeiro ano de idade para a preven\u00e7\u00e3o do retinoblastoma, um tipo de c\u00e2ncer que precisa ser tratado at\u00e9 os tr\u00eas anos de idade, caso contr\u00e1rio pode at\u00e9 levar ao \u00f3bito.<\/p>\n<p>O estrabismo precisa ser corrigido at\u00e9 os oito anos de idade. O tratamento consiste em cobrir o olho saud\u00e1vel para for\u00e7ar a vis\u00e3o do olho prejudicado. Depois dessa idade, a corre\u00e7\u00e3o \u00e9 praticamente imposs\u00edvel.<\/p>\n<p>As mais frequentes<br \/>\nExistem v\u00e1rios tipos de conjuntivites. As mais comuns s\u00e3o as de origem infecciosa e al\u00e9rgica. A incid\u00eancia da conjuntivite al\u00e9rgica \u00e9 mais frequente na primavera, mas como no Brasil as esta\u00e7\u00f5es muitas vezes se misturam, a maior parte dos casos ocorre no ver\u00e3o.<\/p>\n<p>Outra varia\u00e7\u00e3o \u00e9 a conjuntivite primaveril, que leva esse nome porque nessa \u00e9poca do ano \u00e9 comum a entrada de p\u00f3len nos olhos. Mas ela pode ocorrer devido a qualquer corpo estranho que penetre nos olhos, em ambientes como obras da constru\u00e7\u00e3o civil, por exemplo.<\/p>\n<p>O ter\u00e7ol, ou hord\u00e9olo, pode se manifestar de forma interna ou externa. \u00c9 mais frequente em pessoas de pele oleosa, e a causa \u00e9 uma infec\u00e7\u00e3o dos c\u00edlios provocada por uma bact\u00e9ria.<\/p>\n<p>Cal\u00e1zio \u00e9 parecido com o ter\u00e7ol. Sua causa \u00e9 a inflama\u00e7\u00e3o de uma gl\u00e2ndula respons\u00e1vel pela produ\u00e7\u00e3o da secre\u00e7\u00e3o seb\u00e1cea que lubrifica o olho, e deve ser tratada com a ajuda de um m\u00e9dico geral ou oftalmologista.<\/p>\n<p>Exigem cuidados<br \/>\nO ter\u00e7ol, cal\u00e1zio, o pter\u00edgio e a conjuntivite al\u00e9rgica n\u00e3o s\u00e3o doen\u00e7as contagiosas. O tratamento deve ser feito com a ajuda do oftalmologista. No caso espec\u00edfico do ter\u00e7ol, os oftalmologistas recomendam higienizar e limpar as p\u00e1lpebras com a ajuda de um produto espec\u00edfico.<\/p>\n<p>A catarata \u00e9 mais comum nas pessoas da terceira idade e requer tratamento cir\u00fargico. No caso da conjuntivite infeciosa, o perigo \u00e9 o cont\u00e1gio de outras pessoas. Evite compartilhar toalhas de rosto e travesseiros e procure sempre lavar as m\u00e3os com \u00e1lcool, l\u00edquido ou gel.<\/p>\n<p>Em todas as situa\u00e7\u00f5es, no entanto, \u00e9 necess\u00e1rio procurar um cl\u00ednico geral ou um oftalmologista.<\/p>\n<p>Aten\u00e7\u00e3o redobrada<br \/>\nO glaucoma \u00e9 uma doen\u00e7a que afeta o nervo \u00f3tico e causa a perda de press\u00e3o intraocular. \u00c9 uma doen\u00e7a silenciosa, que n\u00e3o apresenta sintomas, e atinge principalmente pessoas com mais de 40 anos. Por isso, \u00e9 importante consultar um oftalmologista com frequ\u00eancia.<\/p>\n<p>A degenera\u00e7\u00e3o macular afeta as pessoas de mais idade e o sintoma \u00e9 a vis\u00e3o distorcida. Nesse caso, a pessoa deve procura ajuda m\u00e9dica o mais r\u00e1pido poss\u00edvel, pois a vis\u00e3o pode ser corrigida se for tratada cedo.<\/p>\n<p>A visita regular ao oftalmologista, pelo menos uma vez ao ano, \u00e9 essencial para a preven\u00e7\u00e3o de doen\u00e7as como o glaucoma e a degenera\u00e7\u00e3o macular, principalmente a partir dos 40 anos de idade, assim como da catarata para as pessoas de mais idade.<\/p>\n<p>*Colaborou nesta reportagem o Dr. Francisco Penteado Crestana, oftalmologista e coordenador m\u00e9dico do Ambulat\u00f3rio M\u00e9dico de Especialidades &#8211; AME Barradas, em S\u00e3o Paulo.<\/p>\n<p>Do Portal do Governo do Estado SP<\/p>\n","protected":false},"excerpt":{"rendered":"<p>S\u00e3o muitas as doen\u00e7as que podem prejudicar a nossa vis\u00e3o, j\u00e1 que os olhos s\u00e3o um dos \u00f3rg\u00e3os mais sens\u00edveis do corpo. Com a chegada do ver\u00e3o, algumas dessas doen\u00e7as se tornam mais frequentes, al\u00e9m da pr\u00f3pria incid\u00eancia dos raios solares serem mais agressivas, exigindo mais cuidados e prote\u00e7\u00e3o. Algumas doen\u00e7as s\u00e3o mais comuns e [&hellip;]<\/p>\n","protected":false},"author":2,"featured_media":37376,"comment_status":"open","ping_status":"closed","sticky":false,"template":"","format":"standard","meta":{"tdm_status":"","tdm_grid_status":"","footnotes":""},"categories":[22,5],"tags":[],"class_list":{"0":"post-98325","1":"post","2":"type-post","3":"status-publish","4":"format-standard","5":"has-post-thumbnail","7":"category-brasil","8":"category-saude-e-vida"},"_links":{"self":[{"href":"https:\/\/migracao.redenoticia.com.br\/noticia\/wp-json\/wp\/v2\/posts\/98325","targetHints":{"allow":["GET"]}}],"collection":[{"href":"https:\/\/migracao.redenoticia.com.br\/noticia\/wp-json\/wp\/v2\/posts"}],"about":[{"href":"https:\/\/migracao.redenoticia.com.br\/noticia\/wp-json\/wp\/v2\/types\/post"}],"author":[{"embeddable":true,"href":"https:\/\/migracao.redenoticia.com.br\/noticia\/wp-json\/wp\/v2\/users\/2"}],"replies":[{"embeddable":true,"href":"https:\/\/migracao.redenoticia.com.br\/noticia\/wp-json\/wp\/v2\/comments?post=98325"}],"version-history":[{"count":0,"href":"https:\/\/migracao.redenoticia.com.br\/noticia\/wp-json\/wp\/v2\/posts\/98325\/revisions"}],"wp:featuredmedia":[{"embeddable":true,"href":"https:\/\/migracao.redenoticia.com.br\/noticia\/wp-json\/wp\/v2\/media\/37376"}],"wp:attachment":[{"href":"https:\/\/migracao.redenoticia.com.br\/noticia\/wp-json\/wp\/v2\/media?parent=98325"}],"wp:term":[{"taxonomy":"category","embeddable":true,"href":"https:\/\/migracao.redenoticia.com.br\/noticia\/wp-json\/wp\/v2\/categories?post=98325"},{"taxonomy":"post_tag","embeddable":true,"href":"https:\/\/migracao.redenoticia.com.br\/noticia\/wp-json\/wp\/v2\/tags?post=98325"}],"curies":[{"name":"wp","href":"https:\/\/api.w.org\/{rel}","templated":true}]}}