{"id":98363,"date":"2016-10-28T19:22:22","date_gmt":"2016-10-28T21:22:22","guid":{"rendered":"http:\/\/www.redenoticia.com.br\/noticia\/?p=98363"},"modified":"2016-10-27T13:23:42","modified_gmt":"2016-10-27T15:23:42","slug":"novela-escrava-mae-resumo-3110-almeida-cai-em-uma-emboscada","status":"publish","type":"post","link":"https:\/\/migracao.redenoticia.com.br\/noticia\/2016\/novela-escrava-mae-resumo-3110-almeida-cai-em-uma-emboscada\/98363","title":{"rendered":"Novela \u201cEscrava M\u00e3e\u201d resumo 31\/10: Almeida cai em uma emboscada"},"content":{"rendered":"<p> <img loading=\"lazy\" decoding=\"async\" class=\"alignleft size-thumbnail wp-image-87037\" src=\"https:\/\/migracao.redenoticia.com.br\/noticia\/imagens\/escrava-mae-novela-resumo-150x112.jpg\" alt=\"escrava-mae-novela-resumo\" width=\"150\" height=\"112\" srcset=\"https:\/\/migracao.redenoticia.com.br\/noticia\/imagens\/escrava-mae-novela-resumo-150x112.jpg 150w, https:\/\/migracao.redenoticia.com.br\/noticia\/imagens\/escrava-mae-novela-resumo-265x198.jpg 265w\" sizes=\"auto, (max-width: 150px) 100vw, 150px\" \/><strong><em>Novela \u201cEscrava M\u00e3e\u201d resumo 31\/10<\/em><\/strong>: Almeida vai a um encontro an\u00f4nimo. Pet\u00fania caminha pela rua e o avista de longe. Pet\u00fania v\u00ea um vulto atr\u00e1s da \u00e1rvore apontando uma arma para Almeida. Ela grita e um tiro \u00e9 disparado. O vulto foge e Almeida cai no ch\u00e3o. Crisaldo e o soldado correm na dire\u00e7\u00e3o que Pet\u00fania apontou. Pet\u00fania leva Almeida para a pens\u00e3o. L\u00e1 dr. Pacheco presta os primeiros atendimentos.<\/p>\n<p>No capitulo 109 (*), novela \u201cEscrava M\u00e3e\u201d, segunda-feira, 31 de outubro &#8211; Pet\u00fania socorre Almeida que est\u00e1 no ch\u00e3o. O vulto escapa rapidamente, Pet\u00fania v\u00ea algu\u00e9m fugindo, com uma capa preta, sem poder identificar. Crisaldo e o soldado correm na dire\u00e7\u00e3o de Pet\u00fania apontou. Maria Isabel est\u00e1 furiosa com Teresa, Tia Joaquina e Sapi\u00e3o. Ela grita e diz que vai castigar todos. Teresa pede calma. Sapi\u00e3o se imp\u00f5e e diz que Maria Isabel fez maldade pior com Juliana e Tia Joaquina. Maria Isabel sai dizendo que vai atr\u00e1s de Juliana at\u00e9 o fim do mundo. Violeta conta a Tom\u00e1s porque n\u00e3o aceita casar com ele. Conta que um homem a assediou no dia em que ela dan\u00e7ava feliz com o pedido de namoro de Tom\u00e1s. <\/p>\n<p>Tom\u00e1s compreendeu o motivo e a abra\u00e7ou. Ningu\u00e9m vai ao baile de Belezinha. Irani e Nestor ficam preocupados e encontram D\u00e1lia, triste, esperando na frente do baile, escondida atr\u00e1s de uma lata de lixo. D\u00e1lia fica sabendo que n\u00e3o foi ningu\u00e9m e tem uma ideia. Pet\u00fania leva Almeida para a pens\u00e3o. L\u00e1 dr. Pacheco presta os primeiros atendimentos. Guilherme vai at\u00e9 o Solar Condessa. Rebeca o recebe e diz que n\u00e3o tem ningu\u00e9m. Rebeca diz que ele tem reservas com pessoas de cor. Guilherme diz que foi a sua cria\u00e7\u00e3o. Rebeca diz que ele passou por cima de seus ensinamentos quando n\u00e3o deixou claro se casaria com Esm\u00e9ria. Guilherme pergunta se Rebeca est\u00e1 com ci\u00fames. Eles se olham e Rebeca lhe d\u00e1 um beijo. <\/p>\n<p>Catarina entra e flagra os dois. Dalia corre para a pens\u00e3o e, para ajudar Belezinha, pega as roupas dos senhores que s\u00e3o usadas nas festividades para vestir alguns b\u00eabados e leva-los ao baile. Dr. Pacheco diz que n\u00e3o foi nada grave o que aconteceu com Almeida e concluem que foi uma emboscada o que aconteceu. Almeida vai embora. Tr\u00eas florzinhas entram disfar\u00e7adas como o nobre senhor e seus filhos. Al\u00e9m dos palet\u00f3s, usam chap\u00e9us, bigodes e barbas falsas. As florzinhas fazem uma rever\u00eancia a Belezinha, que limpa o rosto com pressa e tamb\u00e9m se curva a eles. Dois mendigos entram ali, s\u00f3 que vestidos de palet\u00f3 e chap\u00e9us. Belezinha faz uma rever\u00eancia sem desconfiar de nada.<\/p>\n<p>(*) edi\u00e7\u00e3o da Rede Record, Novela \u201cEscrava M\u00e3e\u201d, sujeito a altera\u00e7\u00e3o de data e conte\u00fado.<\/p>\n","protected":false},"excerpt":{"rendered":"<p>Novela \u201cEscrava M\u00e3e\u201d resumo 31\/10: Almeida vai a um encontro an\u00f4nimo. Pet\u00fania caminha pela rua e o avista de longe. Pet\u00fania v\u00ea um vulto atr\u00e1s da \u00e1rvore apontando uma arma para Almeida. Ela grita e um tiro \u00e9 disparado. O vulto foge e Almeida cai no ch\u00e3o. Crisaldo e o soldado correm na dire\u00e7\u00e3o que [&hellip;]<\/p>\n","protected":false},"author":2,"featured_media":87037,"comment_status":"open","ping_status":"closed","sticky":false,"template":"","format":"standard","meta":{"tdm_status":"","tdm_grid_status":"","footnotes":""},"categories":[379,371,343],"tags":[441],"class_list":{"0":"post-98363","1":"post","2":"type-post","3":"status-publish","4":"format-standard","5":"has-post-thumbnail","7":"category-novelas","8":"category-rede-record","9":"category-televisao","10":"tag-resumo-do-dia"},"_links":{"self":[{"href":"https:\/\/migracao.redenoticia.com.br\/noticia\/wp-json\/wp\/v2\/posts\/98363","targetHints":{"allow":["GET"]}}],"collection":[{"href":"https:\/\/migracao.redenoticia.com.br\/noticia\/wp-json\/wp\/v2\/posts"}],"about":[{"href":"https:\/\/migracao.redenoticia.com.br\/noticia\/wp-json\/wp\/v2\/types\/post"}],"author":[{"embeddable":true,"href":"https:\/\/migracao.redenoticia.com.br\/noticia\/wp-json\/wp\/v2\/users\/2"}],"replies":[{"embeddable":true,"href":"https:\/\/migracao.redenoticia.com.br\/noticia\/wp-json\/wp\/v2\/comments?post=98363"}],"version-history":[{"count":0,"href":"https:\/\/migracao.redenoticia.com.br\/noticia\/wp-json\/wp\/v2\/posts\/98363\/revisions"}],"wp:featuredmedia":[{"embeddable":true,"href":"https:\/\/migracao.redenoticia.com.br\/noticia\/wp-json\/wp\/v2\/media\/87037"}],"wp:attachment":[{"href":"https:\/\/migracao.redenoticia.com.br\/noticia\/wp-json\/wp\/v2\/media?parent=98363"}],"wp:term":[{"taxonomy":"category","embeddable":true,"href":"https:\/\/migracao.redenoticia.com.br\/noticia\/wp-json\/wp\/v2\/categories?post=98363"},{"taxonomy":"post_tag","embeddable":true,"href":"https:\/\/migracao.redenoticia.com.br\/noticia\/wp-json\/wp\/v2\/tags?post=98363"}],"curies":[{"name":"wp","href":"https:\/\/api.w.org\/{rel}","templated":true}]}}