{"id":9841,"date":"2009-08-27T11:42:40","date_gmt":"2009-08-27T15:42:40","guid":{"rendered":"http:\/\/www.redenoticia.com.br\/noticia\/?p=9841"},"modified":"2009-09-15T01:01:00","modified_gmt":"2009-09-15T05:01:00","slug":"nota-fiscal-paulista-serra-entrega-premios-nesta-quinta-feira-2708","status":"publish","type":"post","link":"https:\/\/migracao.redenoticia.com.br\/noticia\/2009\/nota-fiscal-paulista-serra-entrega-premios-nesta-quinta-feira-2708\/9841","title":{"rendered":"Nota Fiscal Paulista &#8211; Serra entrega pr\u00eamios nesta quinta-feira (27\/08)"},"content":{"rendered":"<p>O governador Jos\u00e9 Serra far\u00e1 nesta quinta-feira, 27, a entrega dos cheques simb\u00f3licos\u00a0a tr\u00eas consumidores da capital que ganharam os pr\u00eamios principais do 9\u00b0 sorteio da Nota Fiscal Paulista. Na extra\u00e7\u00e3o do Dia dos Pais, o valor dos pr\u00eamios principais \u00e9 multiplicado por quatro. Os pr\u00eamios de R$ 200 mil, R$ 120 mil e R$ 80 mil ser\u00e3o entregues em cerim\u00f4nia no Pal\u00e1cio dos Bandeirantes.<\/p>\n<p>Dois consumidores da Capital e um de Guarulhos foram os vencedores dos tr\u00eas maiores pr\u00eamios do 9\u00ba sorteio da Nota Fiscal Paulista. Um consumidor do Jardim Eliana, na Capital, levou R$ 200 mil; outro, da Vila Galv\u00e3o, em Guarulhos, foi contemplado com R$ 120 mil. O pr\u00eamio de R$ 80 mil saiu para um consumidor de Parais\u00f3polis, tamb\u00e9m na Capital.<\/p>\n<p>Os resultados foram divulgados na sexta-feira (14\/08), pela Secretaria da Fazenda do Estado de S\u00e3o Paulo. Todos os consumidores que informaram o CPF na nota fiscal em compras realizadas em abril de 2009, acumularam pelo menos R$ 100,00 em notas e aderiram ao regulamento do sorteio, podem conferir se foram premiados pelo site <a title=\"www.fazenda.sp.gov.br\" href=\"http:\/\/www.fazenda.sp.gov.br\/\" target=\"_blank\">www.fazenda.sp.gov.br<\/a>. O programa Nota Fiscal Paulista sorteia mensalmente um milh\u00e3o de pr\u00eamios em dinheiro. Nessa extra\u00e7\u00e3o foram, ao todo, distribu\u00eddos R$ 12,3 milh\u00f5es. Al\u00e9m dos tr\u00eas pr\u00eamios principais, foram sorteados mais 300 de R$ 1.000; 1.000 de R$ 250; 15.000 de R$ 50; 76.303 de R$ 20 e 907.394 de R$ 10.<\/p>\n","protected":false},"excerpt":{"rendered":"<p>O governador Jos\u00e9 Serra far\u00e1 nesta quinta-feira, 27, a entrega dos cheques simb\u00f3licos\u00a0a tr\u00eas consumidores da capital que ganharam os pr\u00eamios principais do 9\u00b0 sorteio da Nota Fiscal Paulista. Na extra\u00e7\u00e3o do Dia dos Pais, o valor dos pr\u00eamios principais \u00e9 multiplicado por quatro. Os pr\u00eamios de R$ 200 mil, R$ 120 mil e R$ [&hellip;]<\/p>\n","protected":false},"author":3,"featured_media":0,"comment_status":"open","ping_status":"open","sticky":false,"template":"","format":"standard","meta":{"tdm_status":"","tdm_grid_status":"","footnotes":""},"categories":[22,7,362],"tags":[],"class_list":{"0":"post-9841","1":"post","2":"type-post","3":"status-publish","4":"format-standard","6":"category-brasil","7":"category-economia","8":"category-nota-fiscal-paulista"},"_links":{"self":[{"href":"https:\/\/migracao.redenoticia.com.br\/noticia\/wp-json\/wp\/v2\/posts\/9841","targetHints":{"allow":["GET"]}}],"collection":[{"href":"https:\/\/migracao.redenoticia.com.br\/noticia\/wp-json\/wp\/v2\/posts"}],"about":[{"href":"https:\/\/migracao.redenoticia.com.br\/noticia\/wp-json\/wp\/v2\/types\/post"}],"author":[{"embeddable":true,"href":"https:\/\/migracao.redenoticia.com.br\/noticia\/wp-json\/wp\/v2\/users\/3"}],"replies":[{"embeddable":true,"href":"https:\/\/migracao.redenoticia.com.br\/noticia\/wp-json\/wp\/v2\/comments?post=9841"}],"version-history":[{"count":0,"href":"https:\/\/migracao.redenoticia.com.br\/noticia\/wp-json\/wp\/v2\/posts\/9841\/revisions"}],"wp:attachment":[{"href":"https:\/\/migracao.redenoticia.com.br\/noticia\/wp-json\/wp\/v2\/media?parent=9841"}],"wp:term":[{"taxonomy":"category","embeddable":true,"href":"https:\/\/migracao.redenoticia.com.br\/noticia\/wp-json\/wp\/v2\/categories?post=9841"},{"taxonomy":"post_tag","embeddable":true,"href":"https:\/\/migracao.redenoticia.com.br\/noticia\/wp-json\/wp\/v2\/tags?post=9841"}],"curies":[{"name":"wp","href":"https:\/\/api.w.org\/{rel}","templated":true}]}}