{"id":9845,"date":"2009-08-27T11:59:13","date_gmt":"2009-08-27T15:59:13","guid":{"rendered":"http:\/\/www.redenoticia.com.br\/noticia\/?p=9845"},"modified":"2009-08-29T18:45:37","modified_gmt":"2009-08-29T22:45:37","slug":"rede-record-divulga-novo-cd-de-dado-dolabella-da-fazenda","status":"publish","type":"post","link":"https:\/\/migracao.redenoticia.com.br\/noticia\/2009\/rede-record-divulga-novo-cd-de-dado-dolabella-da-fazenda\/9845","title":{"rendered":"Rede Record divulga novo CD de Dado Dolabella da Fazenda"},"content":{"rendered":"<p>A Rede Record informou que o CD traz quatro m\u00fasicas in\u00e9ditas de Dado Dolabella, gravadas antes de sua entrada no reality show A Fazenda, programa exibido pela Rede Record e no qual Dado Dolabella tornou-se o vencedor. Uma das can\u00e7\u00f5es do CD j\u00e1 \u00e9 bastante conhecida do p\u00fablico, &#8220;Rolex&#8221;, interpretada por Dado Dolabella diversas vezes durante o confinamento na Fazenda em Itu, cidade do interior paulista onde se realiza o programa. As outras m\u00fasicas s\u00e3o: &#8220;Porta aberta&#8221;, &#8220;Mero navegador&#8221;, e &#8220;Est\u00e1 escrito&#8221;.<\/p>\n<p>A revista-p\u00f4ster que acompanha o CD traz as letras e cifras das can\u00e7\u00f5es. As fotos s\u00e3o outro destaque da edi\u00e7\u00e3o: ali est\u00e3o diversos flagrantes de Dado Dolabella, inclusive alguns registros da sua inf\u00e2ncia. Um dos finalistas do reality show a Fazenda da Rede Record, o ator Dado Dolabella sempre declarou sua paix\u00e3o pela m\u00fasica. Desde os 13 j\u00e1 tocava viol\u00e3o e acompanhava o pai e os irm\u00e3os em apresenta\u00e7\u00f5es de jazz em bares do Rio. Este \u00e9 seu segundo CD, o primeiro foi &#8220;Dado pra Voc\u00ea&#8221;, lan\u00e7ado em 2003.<\/p>\n<p>Dado Dolabella tem 29 anos, completados em 20\/07, durante sua participa\u00e7\u00e3o no reality show A Fazenda da Rede Record. Como ator, Dado Dolabella j\u00e1 atuou em novelas e miniss\u00e9ries. Na Rede Record, Dado esteve no elenco da novela &#8220;Chamas da Vida&#8221;\u00a0 e do seriado &#8220;Louca Fam\u00edlia&#8221;.\u00a0<\/p>\n<p>O CD e a revista t\u00eam tiragem de 20 mil exemplares.<\/p>\n<p>Fonte Rede Record<\/p>\n","protected":false},"excerpt":{"rendered":"<p>A Rede Record informou que o CD traz quatro m\u00fasicas in\u00e9ditas de Dado Dolabella, gravadas antes de sua entrada no reality show A Fazenda, programa exibido pela Rede Record e no qual Dado Dolabella tornou-se o vencedor. Uma das can\u00e7\u00f5es do CD j\u00e1 \u00e9 bastante conhecida do p\u00fablico, &#8220;Rolex&#8221;, interpretada por Dado Dolabella diversas vezes [&hellip;]<\/p>\n","protected":false},"author":3,"featured_media":0,"comment_status":"open","ping_status":"open","sticky":false,"template":"","format":"standard","meta":{"tdm_status":"","tdm_grid_status":"","footnotes":""},"categories":[22,343],"tags":[],"class_list":{"0":"post-9845","1":"post","2":"type-post","3":"status-publish","4":"format-standard","6":"category-brasil","7":"category-televisao"},"_links":{"self":[{"href":"https:\/\/migracao.redenoticia.com.br\/noticia\/wp-json\/wp\/v2\/posts\/9845","targetHints":{"allow":["GET"]}}],"collection":[{"href":"https:\/\/migracao.redenoticia.com.br\/noticia\/wp-json\/wp\/v2\/posts"}],"about":[{"href":"https:\/\/migracao.redenoticia.com.br\/noticia\/wp-json\/wp\/v2\/types\/post"}],"author":[{"embeddable":true,"href":"https:\/\/migracao.redenoticia.com.br\/noticia\/wp-json\/wp\/v2\/users\/3"}],"replies":[{"embeddable":true,"href":"https:\/\/migracao.redenoticia.com.br\/noticia\/wp-json\/wp\/v2\/comments?post=9845"}],"version-history":[{"count":0,"href":"https:\/\/migracao.redenoticia.com.br\/noticia\/wp-json\/wp\/v2\/posts\/9845\/revisions"}],"wp:attachment":[{"href":"https:\/\/migracao.redenoticia.com.br\/noticia\/wp-json\/wp\/v2\/media?parent=9845"}],"wp:term":[{"taxonomy":"category","embeddable":true,"href":"https:\/\/migracao.redenoticia.com.br\/noticia\/wp-json\/wp\/v2\/categories?post=9845"},{"taxonomy":"post_tag","embeddable":true,"href":"https:\/\/migracao.redenoticia.com.br\/noticia\/wp-json\/wp\/v2\/tags?post=9845"}],"curies":[{"name":"wp","href":"https:\/\/api.w.org\/{rel}","templated":true}]}}