{"id":98498,"date":"2016-10-31T06:08:28","date_gmt":"2016-10-31T08:08:28","guid":{"rendered":"http:\/\/www.redenoticia.com.br\/noticia\/?p=98498"},"modified":"2016-10-28T15:09:42","modified_gmt":"2016-10-28T17:09:42","slug":"unb-abre-vagas-para-licenciatura-em-libras","status":"publish","type":"post","link":"https:\/\/migracao.redenoticia.com.br\/noticia\/2016\/unb-abre-vagas-para-licenciatura-em-libras\/98498","title":{"rendered":"UnB abre vagas para Licenciatura em Libras"},"content":{"rendered":"<p> A Universidade de Bras\u00edlia (UnB) publicou as normas para participa\u00e7\u00e3o no Vestibular do curso de <strong><em>Licenciatura em L\u00edngua de Sinais<\/em><\/strong> Brasileira\/Portugu\u00eas como Segunda L\u00edngua. S\u00e3o 40 vagas para ingresso no primeiro semestre de 2017, no per\u00edodo diurno, no campus Darcy Ribeiro (Plano Piloto).<\/p>\n<p>A sele\u00e7\u00e3o exige dos candidatos o certificado de conclus\u00e3o do ensino m\u00e9dio ou curso equivalente, ou, ainda, a comprova\u00e7\u00e3o da conclus\u00e3o na data do registro na UnB. No Vestibular, existem tr\u00eas sistemas de acesso: Universal, de Cotas para Negros e de Cotas para Escolas P\u00fablicas. Em todos, h\u00e1 reserva de vagas para candidatos surdos ou com defici\u00eancia auditiva.<\/p>\n<p>INSCRI\u00c7\u00d5ES \u2013 O per\u00edodo para confirmar a participa\u00e7\u00e3o come\u00e7a em 31 de outubro e vai at\u00e9 16 de novembro, e a taxa \u00e9 R$ 120,00. A inscri\u00e7\u00e3o deve ser feita exclusivamente pelo endere\u00e7o eletr\u00f4nico . No momento da inscri\u00e7\u00e3o, \u00e9 preciso assinalar o sistema, a op\u00e7\u00e3o para concorrer ou n\u00e3o na reserva de candidato surdo ou com defici\u00eancia auditiva e a vers\u00e3o das provas que deseja utilizar: em l\u00edngua portuguesa, em Libras ou ambas.<\/p>\n<p>O Vestibular ter\u00e1 prova objetiva e prova de reda\u00e7\u00e3o em l\u00edngua portuguesa. As duas avalia\u00e7\u00f5es ser\u00e3o aplicadas na data prov\u00e1vel de 15 de janeiro de 2017.<\/p>\n<p>SERVI\u00c7O<br \/>\nVestibular: Licenciatura em L\u00edngua de Sinais Brasileira\/Portugu\u00eas como Segunda L\u00edngua<br \/>\nVagas: 40<br \/>\nInscri\u00e7\u00f5es: entre 31 de outubro e 16 de novembro<br \/>\nTaxa de inscri\u00e7\u00e3o: R$ 120,00<br \/>\nProvas: 15 de janeiro de 2017<\/p>\n<p>CONTATO<br \/>\nOutras informa\u00e7\u00f5es no site  ou na Central de Atendimento ao Candidato do Cespe, de segunda a sexta, das 7h30 \u00e0s 20h30 \u2013 CampusUniversit\u00e1rio Darcy Ribeiro, Sede do Cespe \u2013 telefone (61) 3448 0100.<\/p>\n","protected":false},"excerpt":{"rendered":"<p>A Universidade de Bras\u00edlia (UnB) publicou as normas para participa\u00e7\u00e3o no Vestibular do curso de Licenciatura em L\u00edngua de Sinais Brasileira\/Portugu\u00eas como Segunda L\u00edngua. S\u00e3o 40 vagas para ingresso no primeiro semestre de 2017, no per\u00edodo diurno, no campus Darcy Ribeiro (Plano Piloto). A sele\u00e7\u00e3o exige dos candidatos o certificado de conclus\u00e3o do ensino m\u00e9dio [&hellip;]<\/p>\n","protected":false},"author":2,"featured_media":34784,"comment_status":"open","ping_status":"closed","sticky":false,"template":"","format":"standard","meta":{"tdm_status":"","tdm_grid_status":"","footnotes":""},"categories":[22,370,295],"tags":[],"class_list":{"0":"post-98498","1":"post","2":"type-post","3":"status-publish","4":"format-standard","5":"has-post-thumbnail","7":"category-brasil","8":"category-inscricao","9":"category-vestibular"},"_links":{"self":[{"href":"https:\/\/migracao.redenoticia.com.br\/noticia\/wp-json\/wp\/v2\/posts\/98498","targetHints":{"allow":["GET"]}}],"collection":[{"href":"https:\/\/migracao.redenoticia.com.br\/noticia\/wp-json\/wp\/v2\/posts"}],"about":[{"href":"https:\/\/migracao.redenoticia.com.br\/noticia\/wp-json\/wp\/v2\/types\/post"}],"author":[{"embeddable":true,"href":"https:\/\/migracao.redenoticia.com.br\/noticia\/wp-json\/wp\/v2\/users\/2"}],"replies":[{"embeddable":true,"href":"https:\/\/migracao.redenoticia.com.br\/noticia\/wp-json\/wp\/v2\/comments?post=98498"}],"version-history":[{"count":0,"href":"https:\/\/migracao.redenoticia.com.br\/noticia\/wp-json\/wp\/v2\/posts\/98498\/revisions"}],"wp:featuredmedia":[{"embeddable":true,"href":"https:\/\/migracao.redenoticia.com.br\/noticia\/wp-json\/wp\/v2\/media\/34784"}],"wp:attachment":[{"href":"https:\/\/migracao.redenoticia.com.br\/noticia\/wp-json\/wp\/v2\/media?parent=98498"}],"wp:term":[{"taxonomy":"category","embeddable":true,"href":"https:\/\/migracao.redenoticia.com.br\/noticia\/wp-json\/wp\/v2\/categories?post=98498"},{"taxonomy":"post_tag","embeddable":true,"href":"https:\/\/migracao.redenoticia.com.br\/noticia\/wp-json\/wp\/v2\/tags?post=98498"}],"curies":[{"name":"wp","href":"https:\/\/api.w.org\/{rel}","templated":true}]}}